{"dados":[{"titulo":"Concorr\u00eancia Eletr\u00f4nica 90001\/2026","dataAtualizacao":"2026-03-11 18:01:27","dataPostagem":"9999-12-31 00:00:00","dataRealizacao":"2026-01-30 09:00:00","numeroEdital":0,"numeroProcesso":13,"modalidade":"Concorr\u00eancia Eletr\u00f4nica","situacao":"Suspenso","descricao":"<table border=\"1\" cellpadding=\"0\" cellspacing=\"0\" style=\"border-collapse:collapse;mso-table-layout-alt:fixed;border:none;\r\n mso-border-alt:solid black .5pt;mso-yfti-tbllook:1024;mso-padding-alt:0cm 5.4pt 0cm 5.4pt;\r\n mso-border-insideh:.5pt solid black;mso-border-insidev:.5pt solid black\" width=\"654\">\r\n\t<tbody>\r\n\t\t<tr style=\"mso-yfti-irow:0;mso-yfti-firstrow:yes;mso-yfti-lastrow:yes;\r\n  height:124.45pt\">\r\n\t\t\t<td style=\"width:490.6pt;border:solid black 1.0pt;\r\n  mso-border-alt:solid black .5pt;padding:0cm 5.4pt 0cm 5.4pt;height:124.45pt\" valign=\"top\" width=\"654\"><span style=\"font-family:arial,sans-serif; mso-fareast-font-family:Arial\">O Munic&iacute;pio de Carmo do Rio Claro\/MG torna p&uacute;blico que se encontra SUSPENSA, <em>sine die<\/em>, a abetura da sess&atilde;o p&uacute;blicado da <strong>Concorr&ecirc;ncia Eletr&ocirc;nica 90001\/2026<\/strong>, Crit&eacute;rio de Julgamento Menor Pre&ccedil;o, para <em>&ldquo;Contrata&ccedil;&atilde;o de Empresa Especializada para Presta&ccedil;&atilde;o de Servi&ccedil;os T&eacute;cnicos Profissionais de Consultoria e Assessoria para Planejamento, An&aacute;lise, Organiza&ccedil;&atilde;o, Execu&ccedil;&atilde;o e Acompanhamento de Todas as Fases de Capta&ccedil;&atilde;o do ICMS Cultural e Tur&iacute;stico e a Elabora&ccedil;&atilde;o&rdquo;<\/em>.<br \/>\r\n\t\t\t<br \/>\r\n\t\t\t<strong>Motivo:<\/strong> Delibera&ccedil;&atilde;o do Ilmo. Sr. Secret&aacute;rio de Cultura e Turismo - Gestor da Pasta<br \/>\r\n\t\t\t<br \/>\r\n\t\t\tDecis&atilde;o do Secret&aacute;rio Municipal de Cultura e Turismo dispon&iacute;vel em: https:\/\/www.carmodorioclaro.mg.gov.br\/portal\/download\/licitacoes-anexos\/RGwwwP\/<\/span><br \/>\r\n\t\t\t<span style=\"font-family:arial,sans-serif; mso-fareast-font-family:Arial\"><\/span><\/td>\r\n\t\t<\/tr>\r\n\t<\/tbody>\r\n<\/table>\r\n"},{"titulo":"Credenciamento 022\/2025","dataAtualizacao":"2026-03-23 16:01:13","dataPostagem":"2035-10-29 17:00:00","dataRealizacao":"2025-10-29 07:55:00","numeroEdital":0,"numeroProcesso":217,"modalidade":"Credenciamento","situacao":"Aberto","descricao":"<table border=\"1\" cellpadding=\"0\" cellspacing=\"0\" style=\"width:490.6pt;border-collapse:collapse;border:none;mso-border-alt:solid windowtext .5pt;\r\n mso-yfti-tbllook:1184;mso-padding-alt:0cm 5.4pt 0cm 5.4pt\" width=\"654\">\r\n\t<tbody>\r\n\t\t<tr style=\"mso-yfti-irow:0;mso-yfti-firstrow:yes;mso-yfti-lastrow:yes;\r\n  height:169.65pt\">\r\n\t\t\t<td style=\"width:490.6pt;border:solid windowtext 1.0pt;\r\n  mso-border-alt:solid windowtext .5pt;padding:0cm 5.4pt 0cm 5.4pt;height:169.65pt\" valign=\"top\" width=\"654\"><span style=\"font-family:arial,sans-serif; font-size:11.5pt; line-height:150%\">O Munic&iacute;pio de Carmo do Rio Claro\/MG torna p&uacute;blico o edital de Credenciamento n&ordm; 022\/2025 para o &ldquo;Credenciamento de Pessoas F&iacute;sicas ou Jur&iacute;dicas para Presta&ccedil;&atilde;o de Servi&ccedil;os M&eacute;dicos na Especialidade de Pediatria&rdquo;. O edital est&aacute; &agrave; disposi&ccedil;&atilde;o na sede do Munic&iacute;pio: Rua Delfim Moreira, n&ordm; 62, Centro, Departamento de Licita&ccedil;&otilde;es e Contratos, em dias &uacute;teis, de 08h. &agrave;s 11h. e de 12h30min. &agrave;s 17h. e no site www.carmodorioclaro.mg.gov.br e Portal Nacional de Contrata&ccedil;&otilde;es P&uacute;blicas a partir desta data. A apresenta&ccedil;&atilde;o dos documentos para credenciamento e proposta de ades&atilde;o poder&aacute; ser feita na no Departamento de Licita&ccedil;&otilde;es e Contratos a qualquer tempo, &agrave; partir de 29\/10\/2025.<strong> <\/strong><\/span><\/td>\r\n\t\t<\/tr>\r\n\t<\/tbody>\r\n<\/table>\r\n"},{"titulo":"Credenciamento 002\/2026","dataAtualizacao":"2026-04-01 17:01:23","dataPostagem":"2031-02-12 17:00:00","dataRealizacao":"2026-02-06 16:00:00","numeroEdital":0,"numeroProcesso":19,"modalidade":"Credenciamento","situacao":"Retificado","descricao":"<table border=\"1\" cellpadding=\"0\" cellspacing=\"0\" style=\"width:490.6pt;border-collapse:collapse;border:none;mso-border-alt:solid windowtext .5pt;\r\n mso-yfti-tbllook:1184;mso-padding-alt:0cm 5.4pt 0cm 5.4pt\" width=\"654\">\r\n\t<tbody>\r\n\t\t<tr style=\"mso-yfti-irow:0;mso-yfti-firstrow:yes;mso-yfti-lastrow:yes;\r\n  height:169.65pt\">\r\n\t\t\t<td style=\"width:490.6pt;border:solid windowtext 1.0pt;\r\n  mso-border-alt:solid windowtext .5pt;padding:0cm 5.4pt 0cm 5.4pt;height:169.65pt\" valign=\"top\" width=\"654\"><span style=\"font-family:arial,sans-serif; font-size:11.5pt; line-height:150%\"><\/span>\r\n\r\n\t\t\t<div style=\"text-align: center;\"><span style=\"font-family:arial,sans-serif; font-size:11.5pt; line-height:150%\"><br \/>\r\n\t\t\t<strong><u>AVISO DE RETIFICA&Ccedil;&Atilde;O DE EDITAL<\/u><\/strong><\/span><br \/>\r\n\t\t\t<br \/>\r\n\t\t\t<strong style=\"font-family:arial,sans-serif; font-size:11.5pt; text-align:center\">CREDENCIAMENTO 002\/2026<\/strong><\/div>\r\n\r\n\t\t\t<div style=\"text-align: center;\"><span style=\"font-family:arial,sans-serif; font-size:11.5pt; line-height:150%\"><strong><span style=\"font-family:arial,sans-serif\">INEXIGIBILIDADE 004\/2026 &ndash; PROCESSO LICITAT&Oacute;RIO 019\/2026<\/span><\/strong><\/span><br \/>\r\n\t\t\t&nbsp;<\/div>\r\n\t\t\t<span style=\"font-family:arial,sans-serif; font-size:11.5pt; line-height:150%\"> <\/span>\r\n\r\n\t\t\t<div style=\"text-align: justify;\"><span style=\"font-family:arial,sans-serif; font-size:11.5pt; line-height:150%\">O Munic&iacute;pio de Carmo do Rio Claro\/MG torna p&uacute;blica a retifica&ccedil;&atilde;o do edital de Credenciamento n&ordm; 002\/2026 para o &ldquo;Credenciamento de Pessoas F&iacute;sicas ou Jur&iacute;dicas para Apresenta&ccedil;&otilde;es Art&iacute;sticas Musicais, Locu&ccedil;&atilde;o e Servi&ccedil;os de Sonoriza&ccedil;&atilde;o, para Apresenta&ccedil;&otilde;es nos Eventos do Munic&iacute;pio&rdquo;.<br \/>\r\n\t\t\t<br \/>\r\n\t\t\tO edital est&aacute; &agrave; disposi&ccedil;&atilde;o na sede do Munic&iacute;pio: Rua Delfim Moreira, n&ordm; 62, Centro, Departamento de Licita&ccedil;&otilde;es e Contratos, em dias &uacute;teis, de 08h. &agrave;s 11h. e de 12h30min. &agrave;s 17h. e no site www.carmodorioclaro.mg.gov.br e Portal Nacional de Contrata&ccedil;&otilde;es P&uacute;blicas a partir desta data.<br \/>\r\n\t\t\t<br \/>\r\n\t\t\tA apresenta&ccedil;&atilde;o dos documentos para credenciamento e proposta de ades&atilde;o poder&aacute; ser feita na no Departamento de Licita&ccedil;&otilde;es e Contratos a qualquer tempo, a partir de <strong>12\/02\/2026<\/strong>, at&eacute; <strong>12\/02\/2031<\/strong>.<strong> <\/strong><\/span><\/div>\r\n\t\t\t<\/td>\r\n\t\t<\/tr>\r\n\t<\/tbody>\r\n<\/table>\r\n\r\n<div style=\"text-align: justify;\">&nbsp;<\/div>\r\n"},{"titulo":"Credenciamento 001\/2026 - Credenciamento de R\u00e1dios","dataAtualizacao":"2026-03-10 14:01:31","dataPostagem":"2031-02-04 17:00:00","dataRealizacao":"2026-02-04 10:31:00","numeroEdital":1,"numeroProcesso":15,"modalidade":"Credenciamento","situacao":"Aberto","descricao":"<table border=\"1\" cellpadding=\"0\" cellspacing=\"0\" style=\"width:432.1pt;border-collapse:collapse;border:none;mso-border-alt:solid windowtext .5pt;\r\n mso-yfti-tbllook:1184;mso-padding-alt:0cm 5.4pt 0cm 5.4pt\" width=\"576\">\r\n\t<tbody>\r\n\t\t<tr style=\"mso-yfti-irow:0;mso-yfti-firstrow:yes;mso-yfti-lastrow:yes;\r\n  height:175.75pt\">\r\n\t\t\t<td style=\"width:432.1pt;border:solid windowtext 1.0pt;\r\n  mso-border-alt:solid windowtext .5pt;padding:0cm 5.4pt 0cm 5.4pt;height:175.75pt\" valign=\"top\" width=\"576\"><strong><span style=\"font-family:arial,sans-serif\">INEXIGIBILIDADE 003\/2026 &ndash; PROCESSO LICITAT&Oacute;RIO 015\/2026<\/span><\/strong><br \/>\r\n\t\t\t<strong><span style=\"font-family:arial,sans-serif\">CREDENCIAMENTO 001\/2026<\/span><\/strong><br \/>\r\n\t\t\t<span style=\"font-family:arial,sans-serif\">O Munic&iacute;pio de Carmo do Rio Claro\/MG torna p&uacute;blico o edital do Credenciamento em ep&iacute;grafe, Tipo Menor Pre&ccedil;o, para &ldquo;<\/span><span style=\"font-family:arial,sans-serif; mso-fareast-font-family:Arial\">Credenciamento de emissoras de r&aacute;dio com canal aberto, que sejam geradoras &ndash; comerciais ou educativas e que possuam sinal de transmiss&atilde;o no Munic&iacute;pio de Carmo do Rio Claro\/MG e na regi&atilde;o sul\/sudoeste de MG, para veicula&ccedil;&atilde;o em sua grade de pe&ccedil;as institucionais do munic&iacute;pio<\/span><span style=\"font-family:arial,sans-serif\">&rdquo;.<\/span><br \/>\r\n\t\t\t<span style=\"font-family:arial,sans-serif\">O Edital est&aacute; dispon&iacute;vel na sede do Munic&iacute;pio, Departamento de Licita&ccedil;&otilde;es e Contratos Administrativos, Rua Delfim Moreira, n&ordm; 62, Centro, em dias &uacute;teis, de 08h &agrave;s 11h e 12h30 &agrave;s 17h., Portal Nacional de Contrata&ccedil;&otilde;es P&uacute;blicas &ndash; PNCP e nos sites <\/span><a href=\"http:\/\/www.carmodorioclaro.mg.gov.br\"><span style=\"font-family:arial,sans-serif\">www.carmodorioclaro.mg.gov.br<\/span><\/a><span style=\"font-family:arial,sans-serif\">.<\/span><br \/>\r\n\t\t\t<span style=\"font-family:arial,sans-serif\">Este credenciamento ficar&aacute; aberto pelo prazo de 05 anos a partir de sua publica&ccedil;&atilde;o (04\/02\/2026 at&eacute; 04\/02\/2031)<\/span><\/td>\r\n\t\t<\/tr>\r\n\t<\/tbody>\r\n<\/table>\r\n"},{"titulo":"Credenciamento 017\/2025","dataAtualizacao":"2026-01-19 15:31:21","dataPostagem":"2030-12-08 17:00:00","dataRealizacao":"2025-12-04 17:00:00","numeroEdital":0,"numeroProcesso":180,"modalidade":"Credenciamento","situacao":"Retificado","descricao":"<div style=\"text-align: center;\"><strong><span style=\"font-family:univers 45 light; font-size:12.0pt; line-height:150%; mso-bidi-font-family:Arial\">AVISO DE RETIFICA&Ccedil;&Atilde;O<\/span><span style=\"font-family:univers 45 light; font-size:12.0pt; line-height:150%; mso-bidi-font-family:Arial\">&nbsp;DE EDITAL DE CREDENCIAMENTO<\/span><span style=\"font-family:arial,sans-serif; font-size:8.0pt; line-height:150%; mso-bidi-font-size:12.0pt\"><\/span><\/strong><\/div>\r\n\r\n<div style=\"text-align: center;\"><strong>CREDENCIAMENTO 017\/2025 -&nbsp;INEXIGIBILIDADE 039\/2025 &ndash; PROCESSO LICITAT&Oacute;RIO 180\/2025<\/strong><\/div>\r\n<br \/>\r\n<br \/>\r\n<span style=\"font-family:arial,sans-serif\">O Munic&iacute;pio de Carmo do Rio Claro\/MG torna p&uacute;blica a retifica&ccedil;&atilde;o do edital do Credenciamento em ep&iacute;grafe, cujo objeto &eacute; o &ldquo;CREDENCIAMENTO DE EMPRESAS PARA A PRESTA&Ccedil;&Atilde;O DE SERVI&Ccedil;OS DE INSTALA&Ccedil;&Atilde;O E MANUTEN&Ccedil;&Atilde;O DE ARES-CONDICIONADOS E AFINS, CONFORME A DEMANDA DAS SECRETARIAS E DEPARTAMENTOS DA PREFEITURA DE CARMO DO RIO CLARO&rdquo;.<\/span><br \/>\r\n<span style=\"font-family:arial,sans-serif; font-size:11.5pt; line-height:150%\"><br \/>\r\nFace a retifica&ccedil;&atilde;o do edital, as empresas que eventualmente j&aacute; tenham se credenciado, antes da presente retifica&ccedil;&atilde;o, dever&atilde;o apresentar nova documenta&ccedil;&atilde;o para fins de credenciamento, conforme os termos estabelecidos no edital retificado.<\/span><span style=\"font-family:arial,sans-serif\"><\/span><br \/>\r\n<span style=\"font-family:arial,sans-serif; font-size:11.0pt; line-height:107%; mso-ansi-language:PT-BR; mso-bidi-language:AR-SA; mso-fareast-font-family:Calibri; mso-fareast-language:EN-US; mso-fareast-theme-font:minor-latin\"><br \/>\r\nO Edital est&aacute; dispon&iacute;vel na sede do Munic&iacute;pio, Departamento de Licita&ccedil;&otilde;es e Contratos Administrativos, Rua Delfim Moreira, n&ordm; 62, Centro, em dias &uacute;teis, de 08h &agrave;s 11h e 12h30 &agrave;s 17h., Portal Nacional de Contrata&ccedil;&otilde;es P&uacute;blicas &ndash; PNCP e no s&iacute;tio eletr&ocirc;nico do Munic&iacute;pio <\/span><span style=\"font-family:calibri,sans-serif; font-size:11.0pt; line-height:107%; mso-ansi-language:PT-BR; mso-ascii-theme-font:minor-latin; mso-bidi-font-family:&quot;Times New Roman&quot;; mso-bidi-language:AR-SA; mso-bidi-theme-font:minor-bidi; mso-fareast-font-family:Calibri; mso-fareast-language:EN-US; mso-fareast-theme-font:minor-latin; mso-hansi-theme-font:minor-latin\"><a href=\"http:\/\/www.carmodorioclaro.mg.gov.br\"><span style=\"font-family:arial,sans-serif\">www.carmodorioclaro.mg.gov.br<\/span><\/a><\/span><span style=\"font-family:arial,sans-serif; font-size:11.0pt; line-height:107%; mso-ansi-language:PT-BR; mso-bidi-language:AR-SA; mso-fareast-font-family:Calibri; mso-fareast-language:EN-US; mso-fareast-theme-font:minor-latin\"> &agrave; partir dessa data.<\/span><span style=\"font-family:calibri,sans-serif; font-size:11.0pt; line-height:107%; mso-ansi-language:PT-BR; mso-ascii-theme-font:minor-latin; mso-bidi-font-family:&quot;Times New Roman&quot;; mso-bidi-language:AR-SA; mso-bidi-theme-font:minor-bidi; mso-fareast-font-family:Calibri; mso-fareast-language:EN-US; mso-fareast-theme-font:minor-latin; mso-hansi-theme-font:minor-latin\"> <\/span><span style=\"font-family:arial,sans-serif; font-size:11.0pt; line-height:107%; mso-ansi-language:PT-BR; mso-bidi-font-weight:bold; mso-bidi-language:AR-SA; mso-fareast-font-family:Calibri; mso-fareast-language:EN-US; mso-fareast-theme-font:minor-latin\">A apresenta&ccedil;&atilde;o dos documentos para credenciamento e proposta de ades&atilde;o poder&aacute; ser feita no Departamento de Licita&ccedil;&otilde;es e Contratos a qualquer tempo, <\/span><strong><u><span style=\"font-family:arial,sans-serif; font-size:11.0pt; line-height:107%; mso-ansi-language:PT-BR; mso-bidi-language:AR-SA; mso-fareast-font-family:Calibri; mso-fareast-language:EN-US; mso-fareast-theme-font:minor-latin\">&agrave; partir das 08 horas do dia 08\/12\/2025<\/span><\/u><\/strong><span style=\"font-family:arial,sans-serif; font-size:11.0pt; line-height:107%; mso-ansi-language:PT-BR; mso-bidi-font-weight:bold; mso-bidi-language:AR-SA; mso-fareast-font-family:Calibri; mso-fareast-language:EN-US; mso-fareast-theme-font:minor-latin\">.<\/span>"},{"titulo":"CREDENCIAMENTO N\u00ba 019\/2025","dataAtualizacao":"2026-04-23 10:13:52","dataPostagem":"2030-10-22 09:00:00","dataRealizacao":"2025-10-22 08:00:00","numeroEdital":0,"numeroProcesso":208,"modalidade":"Credenciamento","situacao":"Aberto","descricao":"<table border=\"1\" cellpadding=\"0\" cellspacing=\"0\" style=\"width:490.6pt;border-collapse:collapse;border:none;mso-border-alt:solid windowtext .5pt;\r\n mso-yfti-tbllook:1184;mso-padding-alt:0cm 5.4pt 0cm 5.4pt\" width=\"654\">\r\n\t<tbody>\r\n\t\t<tr style=\"mso-yfti-irow:0;mso-yfti-firstrow:yes;mso-yfti-lastrow:yes;\r\n  height:124.45pt\">\r\n\t\t\t<td style=\"width:490.6pt;border:solid windowtext 1.0pt;\r\n  mso-border-alt:solid windowtext .5pt;padding:0cm 5.4pt 0cm 5.4pt;height:124.45pt\" valign=\"top\" width=\"654\"><span style=\"font-family:arial,sans-serif; font-size:11.5pt; line-height:150%\">O Munic&iacute;pio de Carmo do Rio Claro\/MG torna p&uacute;blico o Edital de Credenciamento N&ordm; 019\/2025<span style=\"mso-bidi-font-weight:bold\">, <\/span>para o &ldquo;Credenciamento de Empresas Especializadas para presta&ccedil;&atilde;o de servi&ccedil;os de M&aacute;quinas Pesadas<\/span><span style=\"font-family:arial,sans-serif; font-size:12.0pt; line-height:150%\">&rdquo;<\/span><strong><span style=\"font-family:arial,sans-serif; font-size:11.5pt; line-height:150%\">. <\/span><\/strong><span style=\"font-family:arial,sans-serif; font-size:11.5pt; line-height:150%; mso-bidi-font-weight:bold\">O Edital est&aacute; &agrave; disposi&ccedil;&atilde;o na sede do Munic&iacute;pio: Rua Delfim Moreira, n&ordm; 62, Centro, Departamento de Licita&ccedil;&otilde;es e Contratos Administrativos, em dias &uacute;teis, de 08:00 &agrave;s 11:00 e de 13:00 &agrave;s 17:00 horas,<span style=\"mso-spacerun:yes\">&nbsp; <\/span>no site <\/span><a href=\"http:\/\/www.carmodorioclaro.mg.gov.br\"><span style=\"font-family:arial,sans-serif; font-size:11.5pt; line-height:150%; mso-bidi-font-weight:bold\">www.carmodorioclaro.mg.gov.br<\/span><\/a><span style=\"font-family:arial,sans-serif; font-size:11.5pt; line-height:150%; mso-bidi-font-weight:bold\"> e no Portal Nacional de Contrata&ccedil;&otilde;es P&uacute;blicas a partir desta data.<\/span><span style=\"color:black; font-family:arial,sans-serif; font-size:11.5pt; line-height:150%\">&nbsp;A apresenta&ccedil;&atilde;o dos documentos para credenciamento e proposta de ades&atilde;o poder&aacute; ser feita na no Departamento de Licita&ccedil;&otilde;es e Contratos Administrativos, <strong>a qualquer tempo<\/strong>, a partir de <strong>23\/10\/2025.<strong><span style=\"font-family:arial,sans-serif\"> <\/span><\/strong><\/strong><\/span><span style=\"font-family:arial,sans-serif; font-size:11.5pt; line-height:150%\"><\/span><\/td>\r\n\t\t<\/tr>\r\n\t<\/tbody>\r\n<\/table>\r\n"},{"titulo":"Credenciamento 013\/2024","dataAtualizacao":"2026-04-17 16:14:50","dataPostagem":"2030-07-22 23:59:00","dataRealizacao":"2024-10-31 08:00:00","numeroEdital":13,"numeroProcesso":269,"modalidade":"Credenciamento","situacao":"Aberto","descricao":"<table border=\"1\" cellpadding=\"0\" cellspacing=\"0\" style=\"width:453.35pt;border-collapse:collapse;border:none;mso-border-alt:\r\n solid windowtext .5pt;mso-yfti-tbllook:1184;mso-padding-alt:0cm 5.4pt 0cm 5.4pt\" width=\"604\">\r\n\t<tbody>\r\n\t\t<tr style=\"mso-yfti-irow:0;mso-yfti-firstrow:yes;mso-yfti-lastrow:yes;\r\n  height:169.65pt\">\r\n\t\t\t<td style=\"width:453.35pt;border:solid windowtext 1.0pt;\r\n  mso-border-alt:solid windowtext .5pt;padding:0cm 5.4pt 0cm 5.4pt;height:169.65pt\" valign=\"top\" width=\"604\"><strong><span style=\"font-family:arial,sans-serif; font-size:11.5pt; line-height:150%\">&nbsp;<\/span><\/strong><br \/>\r\n\t\t\t<strong><span style=\"font-family:arial,sans-serif\">RETIFICA&Ccedil;&Atilde;O DO CREDENCIAMENTO 013\/2024 &ndash; PROCESSO 269\/2024 &ndash; INEXIGIBILIDADE 054\/2024<\/span><\/strong><br \/>\r\n\t\t\t<strong><span style=\"font-family:arial,sans-serif; font-size:11.5pt; line-height:150%\">&nbsp;<\/span><\/strong><br \/>\r\n\t\t\t<span style=\"font-family:arial,sans-serif; font-size:11.5pt; line-height:150%\">O Munic&iacute;pio de Carmo do Rio Claro\/MG torna p&uacute;blico o edital para o <strong>&ldquo;<\/strong><\/span><span style=\"font-family:arial,sans-serif; font-size:12.0pt; line-height:150%; mso-bidi-font-weight:bold\">CREDENCIAMENTO DE PESSOAS JUR&Iacute;DICAS PARA PRESTA&Ccedil;&Atilde;O DE SERVI&Ccedil;OS DE ENGENHARIA, ARQUITETURA, INSTALA&Ccedil;&Otilde;ES EL&Eacute;TRICAS, PINTURAS, PREVEN&Ccedil;&Atilde;O DE INC&Ecirc;NDIO E P&Acirc;NICO, PAISAGISMO E JARDINAGEM QUE TER&Atilde;O COMO REFER&Ecirc;NCIA DE PRE&Ccedil;OS, INSUMOS E COMPOSI&Ccedil;&Otilde;ES O SISTEMA NACIONAL DE PESQUISA DE CUSTOS E &Iacute;NDICES DA CONSTRU&Ccedil;&Atilde;O CIVIL &ndash; SINAPI<\/span><span style=\"font-family:arial,sans-serif; font-size:11.5pt; line-height:150%\">&rdquo;.<\/span><strong><span style=\"font-family:arial,sans-serif; font-size:11.5pt; line-height:150%; mso-fareast-language:AR-SA\"><\/span><\/strong><br \/>\r\n\t\t\t<span style=\"font-family:arial,sans-serif; font-size:11.5pt; line-height:150%; mso-fareast-language:AR-SA\">O edital est&aacute; &agrave; disposi&ccedil;&atilde;o na sede do Munic&iacute;pio: Rua Delfim Moreira, n&ordm; 62, Centro, Departamento de Licita&ccedil;&otilde;es e Contratos Administrativos, em dias &uacute;teis, de 08h. &agrave;s 11h. e de 12h30min. &agrave;s 17h. e nos sites www.carmodorioclaro.mg.gov.br e Portal Nacional de Contrata&ccedil;&otilde;es P&uacute;blicas a partir desta data.<\/span><br \/>\r\n\t\t\t<span style=\"font-family:arial,sans-serif; font-size:11.5pt; line-height:150%\">A entrega dos documentos para credenciamento e proposta de ades&atilde;o ao Departamento de Licita&ccedil;&otilde;es e Contratos poder&aacute; ser feita a qualquer tempo, do dia <strong>22\/07\/2025<\/strong> at&eacute; &agrave;s<strong> 17 horas <\/strong>do dia<strong> 22\/07\/2030<span style=\"mso-bidi-font-weight:bold\"> <\/span><\/strong><\/span><span style=\"font-family:arial,sans-serif; font-size:12.0pt; line-height:150%\"><\/span><\/td>\r\n\t\t<\/tr>\r\n\t<\/tbody>\r\n<\/table>\r\n"},{"titulo":"Credenciamento n\u00ba 012\/2025","dataAtualizacao":"2026-03-16 08:28:15","dataPostagem":"2027-07-10 23:59:00","dataRealizacao":"2025-07-10 08:00:00","numeroEdital":12,"numeroProcesso":135,"modalidade":"Chamamento P\u00fablico","situacao":"Aberto","descricao":"<table border=\"1\" cellpadding=\"0\" cellspacing=\"0\" style=\"width:432.1pt;border-collapse:collapse;border:none;mso-border-alt:solid windowtext .5pt;\r\n mso-yfti-tbllook:1184;mso-padding-alt:0cm 5.4pt 0cm 5.4pt\" width=\"576\">\r\n\t<tbody>\r\n\t\t<tr style=\"mso-yfti-irow:0;mso-yfti-firstrow:yes;mso-yfti-lastrow:yes;\r\n  height:175.75pt\">\r\n\t\t\t<td style=\"width:432.1pt;border:solid windowtext 1.0pt;\r\n  mso-border-alt:solid windowtext .5pt;padding:0cm 5.4pt 0cm 5.4pt;height:175.75pt\" valign=\"top\" width=\"576\"><strong><span style=\"font-family:arial,sans-serif\">INEXIGIBILIDADE 030\/2025 &ndash; PROCESSO LICITAT&Oacute;RIO 135\/2025<\/span><\/strong><br \/>\r\n\t\t\t<strong><span style=\"font-family:arial,sans-serif\">CREDENCIAMENTO 012\/2025<\/span><\/strong><br \/>\r\n\t\t\t<span style=\"font-family:arial,sans-serif\">O Munic&iacute;pio de Carmo do Rio Claro\/MG torna p&uacute;blico o edital do Credenciamento em ep&iacute;grafe, Tipo Menor Pre&ccedil;o, para &ldquo;<\/span><span style=\"font-family:arial,sans-serif; mso-fareast-font-family:Arial\">Credenciamento de empresa especializada em manuten&ccedil;&otilde;es de usinas fotovoltaicas para presta&ccedil;&atilde;o de servi&ccedil;o nas usinas instaladas pelo Munic&iacute;pio de Carmo do Rio Claro - MG. Presta&ccedil;&atilde;o de servi&ccedil;o de m&atilde;o de obra, podendo ser com o fornecimento de materiais<\/span><span style=\"font-family:arial,sans-serif\">&rdquo;.<\/span><br \/>\r\n\t\t\t<span style=\"font-family:arial,sans-serif\">O Edital est&aacute; dispon&iacute;vel na sede do Munic&iacute;pio, Departamento de Licita&ccedil;&otilde;es e Contratos Administrativos, Rua Delfim Moreira, n&ordm; 62, Centro, em dias &uacute;teis, de 08h &agrave;s 11h e 12h30 &agrave;s 17h., Portal Nacional de Contrata&ccedil;&otilde;es P&uacute;blicas &ndash; PNCP e nos sites <\/span><a href=\"http:\/\/www.carmodorioclaro.mg.gov.br\"><span style=\"font-family:arial,sans-serif\">www.carmodorioclaro.mg.gov.br<\/span><\/a><span style=\"font-family:arial,sans-serif\">.<\/span><\/td>\r\n\t\t<\/tr>\r\n\t<\/tbody>\r\n<\/table>\r\n"},{"titulo":"Credenciamento 003\/2025","dataAtualizacao":"2026-01-22 17:03:55","dataPostagem":"2027-03-26 17:00:00","dataRealizacao":"2025-03-25 08:00:00","numeroEdital":0,"numeroProcesso":52,"modalidade":"Credenciamento","situacao":"Aberto","descricao":"<table border=\"1\" cellpadding=\"0\" cellspacing=\"0\" style=\"width:490.6pt;border-collapse:collapse;border:none;mso-border-alt:solid windowtext .5pt;\r\n mso-yfti-tbllook:1184;mso-padding-alt:0cm 5.4pt 0cm 5.4pt\" width=\"654\">\r\n\t<tbody>\r\n\t\t<tr style=\"mso-yfti-irow:0;mso-yfti-firstrow:yes;mso-yfti-lastrow:yes;\r\n  height:169.65pt\">\r\n\t\t\t<td style=\"width:490.6pt;border:solid windowtext 1.0pt;\r\n  mso-border-alt:solid windowtext .5pt;padding:0cm 5.4pt 0cm 5.4pt;height:169.65pt\" valign=\"top\" width=\"654\"><span style=\"font-family:arial,sans-serif; font-size:11.5pt; line-height:150%\">O Munic&iacute;pio de Carmo do Rio Claro\/MG torna p&uacute;blico que o edital de Credenciamento n&ordm; 003\/2025 para o <\/span><span style=\"font-family:arial,sans-serif; font-size:12.0pt; line-height:150%; mso-bidi-font-weight:bold\">&ldquo;Credenciamento de Empresas para o Fornecimento de Kits de Alimentos aos Alunos da Rede Municipal de Ensino, Conforme Lei Municipal 3.302\/2023<\/span><span style=\"font-family:arial,sans-serif; font-size:11.5pt; line-height:150%\">&rdquo; ser&aacute; prorrogado por mais 12 (doze) meses, a partir do seu vencimento.<\/span><span style=\"font-family:arial,sans-serif; font-size:12.0pt; line-height:150%\"> <\/span><span style=\"font-family:arial,sans-serif; font-size:11.5pt; line-height:150%; mso-fareast-language:AR-SA\">O edital est&aacute; &agrave; disposi&ccedil;&atilde;o na sede do Munic&iacute;pio: Rua Delfim Moreira, n&ordm; 62, Centro, Departamento de Licita&ccedil;&otilde;es e Contratos, em dias &uacute;teis, de 08h. &agrave;s 11h. e de 12h30min. &agrave;s 17h. e no site www.carmodorioclaro.mg.gov.br e Portal Nacional de Contrata&ccedil;&otilde;es P&uacute;blicas a partir desta data. <\/span><span style=\"font-family:arial,sans-serif; font-size:11.5pt; line-height:150%\">Assim, com a referida prorroga&ccedil;&atilde;o, a apresenta&ccedil;&atilde;o dos documentos para credenciamento e proposta de ades&atilde;o poder&aacute; ser feita no Departamento de Licita&ccedil;&otilde;es e Contratos a qualquer tempo, &agrave; partir at&eacute; o dia <strong>26\/03\/2027<\/strong><strong>.<span style=\"mso-bidi-font-weight:bold\"> <\/span><\/strong><\/span><\/td>\r\n\t\t<\/tr>\r\n\t<\/tbody>\r\n<\/table>\r\n"},{"titulo":"Credenciamento 014\/2025","dataAtualizacao":"2026-03-19 13:21:31","dataPostagem":"2027-02-04 17:00:00","dataRealizacao":"2026-02-03 08:00:00","numeroEdital":0,"numeroProcesso":139,"modalidade":"Credenciamento","situacao":"Retificado","descricao":"<table border=\"1\" cellpadding=\"0\" cellspacing=\"0\" style=\"width:432.1pt;border-collapse:collapse;border:none;mso-border-alt:solid windowtext .5pt;\r\n mso-yfti-tbllook:1184;mso-padding-alt:0cm 5.4pt 0cm 5.4pt\" width=\"576\">\r\n\t<tbody>\r\n\t\t<tr style=\"mso-yfti-irow:0;mso-yfti-firstrow:yes;mso-yfti-lastrow:yes;\r\n  height:175.75pt\">\r\n\t\t\t<td style=\"width:432.1pt;border:solid windowtext 1.0pt;\r\n  mso-border-alt:solid windowtext .5pt;padding:0cm 5.4pt 0cm 5.4pt;height:175.75pt\" valign=\"top\" width=\"576\"><strong><span style=\"font-family:arial,sans-serif\">CREDENCIAMENTO 014\/2025 -&nbsp;<\/span><\/strong><strong><span style=\"font-family:arial,sans-serif\">INEXIGIBILIDADE 032\/2025 &ndash; PROCESSO LICITAT&Oacute;RIO 139\/2025<\/span><\/strong><br \/>\r\n\t\t\t<span style=\"font-family:arial,sans-serif\">O Munic&iacute;pio de Carmo do Rio Claro\/MG torna p&uacute;blica a retifica&ccedil;&atilde;o do edital do Credenciamento em ep&iacute;grafe, cujo objeto &eacute; o &ldquo;CREDENCIAMENTO DE EMPRESAS ESPECIALIZADAS NA PRESTA&Ccedil;&Atilde;O DE SERVI&Ccedil;OS DE DESINSETIZA&Ccedil;&Atilde;O E DESRATIZA&Ccedil;&Atilde;O E O EFETIVO CONTROLE E MANEJO DE PRAGAS DAS &Aacute;REAS INTERNAS E EXTERNAS DAS UNIDADES DO MUNIC&Iacute;PIO DE CARMO DO RIO CLARO\/MG&rdquo;.<\/span><br \/>\r\n\t\t\t<span style=\"font-family:arial,sans-serif\">O Edital retificado est&aacute; dispon&iacute;vel na sede do Munic&iacute;pio, Departamento de Licita&ccedil;&otilde;es e Contratos Administrativos, Rua Delfim Moreira, n&ordm; 62, Centro, em dias &uacute;teis, de 08h &agrave;s 11h e 12h30 &agrave;s 17h., Portal Nacional de Contrata&ccedil;&otilde;es P&uacute;blicas &ndash; PNCP e no s&iacute;tio eletr&ocirc;nico do Munic&iacute;pio <\/span><a href=\"http:\/\/www.carmodorioclaro.mg.gov.br\"><span style=\"font-family:arial,sans-serif\">www.carmodorioclaro.mg.gov.br<\/span><\/a><span style=\"font-family:arial,sans-serif\"> &agrave; partir dessa data.<\/span> <span style=\"font-family:arial,sans-serif; mso-bidi-font-weight:bold\">A apresenta&ccedil;&atilde;o dos documentos para credenciamento e proposta de ades&atilde;o poder&aacute; ser feita no Departamento de Licita&ccedil;&otilde;es e Contratos a qualquer tempo, &agrave; partir de <\/span><strong><span style=\"font-family:arial,sans-serif\">04\/02\/2026, at&eacute; 04\/02\/2027<\/span><\/strong><span style=\"font-family:arial,sans-serif; mso-bidi-font-weight:bold\">.<\/span><span style=\"font-family:arial,sans-serif\"><\/span><\/td>\r\n\t\t<\/tr>\r\n\t<\/tbody>\r\n<\/table>\r\n"},{"titulo":"INEXIGIBILIDADE N\u00ba 026\/2025 - ORIUNDA DO CREDENCIAMENTO N\u00ba 011\/2025","dataAtualizacao":"2025-06-25 10:28:30","dataPostagem":"2026-06-24 17:00:00","dataRealizacao":"2025-06-24 08:00:00","numeroEdital":0,"numeroProcesso":122,"modalidade":"Inexigibilidade","situacao":"Aberto","descricao":"<table border=\"1\" cellpadding=\"0\" cellspacing=\"0\" style=\"width:490.6pt;border-collapse:collapse;border:none;mso-border-alt:solid windowtext .5pt;\r\n mso-yfti-tbllook:1184;mso-padding-alt:0cm 5.4pt 0cm 5.4pt\" width=\"654\">\r\n\t<tbody>\r\n\t\t<tr style=\"mso-yfti-irow:0;mso-yfti-firstrow:yes;mso-yfti-lastrow:yes;\r\n  height:124.45pt\">\r\n\t\t\t<td style=\"width:490.6pt;border:solid windowtext 1.0pt;\r\n  mso-border-alt:solid windowtext .5pt;padding:0cm 5.4pt 0cm 5.4pt;height:124.45pt\" valign=\"top\" width=\"654\"><span style=\"font-family:arial,sans-serif; font-size:11.5pt; line-height:150%\">O Munic&iacute;pio de Carmo do Rio Claro\/MG torna p&uacute;blico o Edital do Credenciamento N&ordm; 011\/2025<span style=\"mso-bidi-font-weight:bold\">, <\/span>para &ldquo;Credenciamento de Pessoa F&iacute;sica ou Jur&iacute;dica para presta&ccedil;&atilde;o de servi&ccedil;os m&eacute;dicos com especialidade em GERIATRIA<\/span><span style=\"font-family:arial,sans-serif; font-size:12.0pt; line-height:150%\">&rdquo;<\/span><strong><span style=\"font-family:arial,sans-serif; font-size:11.5pt; line-height:150%\">. <\/span><\/strong><span style=\"font-family:arial,sans-serif; font-size:11.5pt; line-height:150%; mso-bidi-font-weight:bold\">O Edital est&aacute; &agrave; disposi&ccedil;&atilde;o na sede do Munic&iacute;pio: Rua Delfim Moreira, n&ordm; 62, Centro, Departamento de Licita&ccedil;&otilde;es e Contratos Administrativos, em dias &uacute;teis, de 08:00 &agrave;s 11:00 e de 13:00 &agrave;s 17:00 horas,<span style=\"mso-spacerun:yes\">&nbsp; <\/span>no site <\/span><a href=\"http:\/\/www.carmodorioclaro.mg.gov.br\"><span style=\"font-family:arial,sans-serif; font-size:11.5pt; line-height:150%; mso-bidi-font-weight:bold\">www.carmodorioclaro.mg.gov.br<\/span><\/a><span style=\"font-family:arial,sans-serif; font-size:11.5pt; line-height:150%; mso-bidi-font-weight:bold\"> e no Portal Nacional de Contrata&ccedil;&otilde;es P&uacute;blicas a partir desta data.<\/span><span style=\"color:black; font-family:arial,sans-serif; font-size:11.5pt; line-height:150%\">&nbsp;A apresenta&ccedil;&atilde;o dos documentos para credenciamento e proposta de ades&atilde;o poder&aacute; ser feita na no Departamento de Licita&ccedil;&otilde;es e Contratos Administrativos, <strong>a qualquer tempo<\/strong>, a partir de <strong>24\/06\/2025<\/strong> at&eacute; o dia<strong><span style=\"font-family:arial,sans-serif\">&nbsp;24\/06\/2026. <\/span><\/strong><\/span><span style=\"font-family:arial,sans-serif; font-size:11.5pt; line-height:150%\"><\/span><\/td>\r\n\t\t<\/tr>\r\n\t<\/tbody>\r\n<\/table>\r\n"},{"titulo":"Credenciamento 010\/2025","dataAtualizacao":"2026-01-22 16:30:24","dataPostagem":"2026-06-18 17:00:00","dataRealizacao":"2025-06-17 09:00:00","numeroEdital":0,"numeroProcesso":115,"modalidade":"Credenciamento","situacao":"Aberto","descricao":"<table border=\"1\" cellpadding=\"0\" cellspacing=\"0\" style=\"width:490.6pt;border-collapse:collapse;border:none;mso-border-alt:solid windowtext .5pt;\r\n mso-yfti-tbllook:1184;mso-padding-alt:0cm 5.4pt 0cm 5.4pt\" width=\"654\">\r\n\t<tbody>\r\n\t\t<tr style=\"mso-yfti-irow:0;mso-yfti-firstrow:yes;mso-yfti-lastrow:yes;\r\n  height:169.65pt\">\r\n\t\t\t<td style=\"width:490.6pt;border:solid windowtext 1.0pt;\r\n  mso-border-alt:solid windowtext .5pt;padding:0cm 5.4pt 0cm 5.4pt;height:169.65pt\" valign=\"top\" width=\"654\"><span style=\"font-family:arial,sans-serif; font-size:11.5pt; line-height:150%\">O Munic&iacute;pio de Carmo do Rio Claro\/MG torna p&uacute;blico o edital de Credenciamento n&ordm; 010\/2025 para o &ldquo;Credenciamento de Pessoas Jur&iacute;dicas Especializadas em Comunica&ccedil;&atilde;o Visual, para Presta&ccedil;&atilde;o de Servi&ccedil;os de Confec&ccedil;&atilde;o e Instala&ccedil;&atilde;o (Incluindo os Acess&oacute;rios Necess&aacute;rios) de Materiais de Divulga&ccedil;&atilde;o, Impressos e\/ou Pintados, para Atender as Demandas das Secretarias do Munic&iacute;pio de Carmo do Rio Claro\/MG&rdquo;.<br \/>\r\n\t\t\t<br \/>\r\n\t\t\tO edital est&aacute; &agrave; disposi&ccedil;&atilde;o na sede do Munic&iacute;pio: Rua Delfim Moreira, n&ordm; 62, Centro, Departamento de Licita&ccedil;&otilde;es e Contratos, em dias &uacute;teis, de 08h. &agrave;s 11h. e de 12h30min. &agrave;s 17h. e no site www.carmodorioclaro.mg.gov.br e Portal Nacional de Contrata&ccedil;&otilde;es P&uacute;blicas a partir desta data. A apresenta&ccedil;&atilde;o dos documentos para credenciamento e proposta de ades&atilde;o poder&aacute; ser feita na no Departamento de Licita&ccedil;&otilde;es e Contratos a qualquer tempo, at&eacute; o dia 18\/06\/2026.<strong> <\/strong><\/span><\/td>\r\n\t\t<\/tr>\r\n\t<\/tbody>\r\n<\/table>\r\n"},{"titulo":"Credenciamento 018\/2024","dataAtualizacao":"2025-06-09 16:43:47","dataPostagem":"2026-06-10 17:00:00","dataRealizacao":"2024-11-19 16:26:00","numeroEdital":0,"numeroProcesso":301,"modalidade":"Credenciamento","situacao":"Aberto","descricao":"<table border=\"1\" cellpadding=\"0\" cellspacing=\"0\" style=\"width:490.6pt;border-collapse:collapse;border:none;mso-border-alt:solid windowtext .5pt;\r\n mso-yfti-tbllook:1184;mso-padding-alt:0cm 5.4pt 0cm 5.4pt\" width=\"654\">\r\n\t<tbody>\r\n\t\t<tr style=\"mso-yfti-irow:0;mso-yfti-firstrow:yes;mso-yfti-lastrow:yes;\r\n  height:169.65pt\">\r\n\t\t\t<td style=\"width:490.6pt;border:solid windowtext 1.0pt;\r\n  mso-border-alt:solid windowtext .5pt;padding:0cm 5.4pt 0cm 5.4pt;height:169.65pt\" valign=\"top\" width=\"654\"><span style=\"font-family:arial,sans-serif; font-size:11.5pt; line-height:150%\">O Munic&iacute;pio de Carmo do Rio Claro\/MG torna p&uacute;blico o edital de Credenciamento n&ordm; 018\/2024 para o <\/span><span style=\"font-family:arial,sans-serif; font-size:12.0pt; line-height:150%; mso-bidi-font-weight:bold\">&ldquo;Credenciamento para a Contrata&ccedil;&atilde;o, Sem Car&aacute;ter de Exclusividade, de Portais de Not&iacute;cias com Grade Composta Por Pautas de Not&iacute;cias Espec&iacute;ficas da Cidade de Carmo do Rio Claro\/MG e na Regi&atilde;o Sul\/Sudoeste de MG<\/span><span style=\"font-family:arial,sans-serif; font-size:11.5pt; line-height:150%\">&rdquo;.<\/span><span style=\"font-family:arial,sans-serif; font-size:12.0pt; line-height:150%\"> <\/span><span style=\"font-family:arial,sans-serif; font-size:11.5pt; line-height:150%; mso-fareast-language:AR-SA\">O edital est&aacute; &agrave; disposi&ccedil;&atilde;o na sede do Munic&iacute;pio: Rua Delfim Moreira, n&ordm; 62, Centro, Departamento de Licita&ccedil;&otilde;es e Contratos, em dias &uacute;teis, de 08h. &agrave;s 11h. e de 12h30min. &agrave;s 17h. e no site www.carmodorioclaro.mg.gov.br e Portal Nacional de Contrata&ccedil;&otilde;es P&uacute;blicas a partir desta data. <\/span><span style=\"font-family:arial,sans-serif; font-size:11.5pt; line-height:150%\">A apresenta&ccedil;&atilde;o dos documentos para credenciamento e proposta de ades&atilde;o poder&aacute; ser feita na no Departamento de Licita&ccedil;&otilde;es e Contratos <strong>a qualquer tempo<\/strong>,&nbsp;at&eacute; o dia<strong> 10\/06\/2026.<span style=\"mso-bidi-font-weight:bold\"> <\/span><\/strong><\/span><\/td>\r\n\t\t<\/tr>\r\n\t<\/tbody>\r\n<\/table>\r\n"},{"titulo":"Concorr\u00eancia Eletr\u00f4nica 90005\/2026","dataAtualizacao":"2026-04-23 10:59:02","dataPostagem":"2026-06-01 09:00:00","dataRealizacao":"2026-04-23 09:00:00","numeroEdital":0,"numeroProcesso":56,"modalidade":"Concorr\u00eancia Eletr\u00f4nica","situacao":"Aberto","descricao":"<table border=\"1\" cellpadding=\"0\" cellspacing=\"0\" style=\"border-collapse:collapse;mso-table-layout-alt:fixed;border:none;\r\n mso-border-alt:solid black .5pt;mso-yfti-tbllook:1024;mso-padding-alt:0cm 5.4pt 0cm 5.4pt;\r\n mso-border-insideh:.5pt solid black;mso-border-insidev:.5pt solid black\" width=\"654\">\r\n\t<tbody>\r\n\t\t<tr style=\"mso-yfti-irow:0;mso-yfti-firstrow:yes;mso-yfti-lastrow:yes;\r\n  height:124.45pt\">\r\n\t\t\t<td style=\"width:490.6pt;border:solid black 1.0pt;\r\n  mso-border-alt:solid black .5pt;padding:0cm 5.4pt 0cm 5.4pt;height:124.45pt\" valign=\"top\" width=\"654\"><span style=\"font-family:arial,sans-serif; mso-fareast-font-family:Arial\">O Munic&iacute;pio de Carmo do Rio Claro\/MG torna p&uacute;blico o edital da Concorr&ecirc;ncia Eletr&ocirc;nica 90005\/2026, Crit&eacute;rio de Julgamento Menor Pre&ccedil;o, para &ldquo;Contrata&ccedil;&atilde;o de Empresa Especializada para Presta&ccedil;&atilde;o de Servi&ccedil;os T&eacute;cnicos Profissionais de Consultoria e Assessoria Voltados &agrave; Elabora&ccedil;&atilde;o do Plano Municipal de Turismo e Assessoria T&eacute;cnica Continuada para Atendimento aos Crit&eacute;rios do ICMS Turismo e ICMS Cultural, Conforme Diretrizes Vigentes&rdquo;. O edital est&aacute; &agrave; disposi&ccedil;&atilde;o na sede do Munic&iacute;pio: Rua Delfim Moreira, n&ordm; 62, Centro, Departamento de Licita&ccedil;&otilde;es e Contratos Administrativos, em dias &uacute;teis, de 08h. &agrave;s 11h. e de 12h30min. &agrave;s 17h., no Portal Nacional de Contrata&ccedil;&otilde;es P&uacute;blicas e nos sites <u>www.carmodorioclaro.mg.gov.br<\/u> e <\/span><a href=\"http:\/\/www.compras.gov.br\"><span style=\"color:#0563C1; font-family:arial,sans-serif; mso-fareast-font-family:Arial\">www.compras.gov.br<\/span><\/a><span style=\"font-family:arial,sans-serif; mso-fareast-font-family:Arial\"> Abertura da Sess&atilde;o dia 01\/06\/2026, &agrave;s 09 horas. Local: <\/span><a href=\"http:\/\/www.compras.gov.br\"><span style=\"color:#0563C1; font-family:arial,sans-serif; mso-fareast-font-family:Arial\">www.compras.gov.br<\/span><\/a><span style=\"font-family:arial,sans-serif; mso-fareast-font-family:Arial\"><\/span><\/td>\r\n\t\t<\/tr>\r\n\t<\/tbody>\r\n<\/table>\r\n"},{"titulo":"Credenciamento 009\/2025","dataAtualizacao":"2025-11-06 12:59:19","dataPostagem":"2026-05-19 17:00:00","dataRealizacao":"2025-05-16 08:00:00","numeroEdital":0,"numeroProcesso":90,"modalidade":"Credenciamento","situacao":"Aberto","descricao":"<table border=\"1\" cellpadding=\"0\" cellspacing=\"0\" style=\"width:490.6pt;border-collapse:collapse;border:none;mso-border-alt:solid windowtext .5pt;\r\n mso-yfti-tbllook:1184;mso-padding-alt:0cm 5.4pt 0cm 5.4pt\" width=\"654\">\r\n\t<tbody>\r\n\t\t<tr style=\"mso-yfti-irow:0;mso-yfti-firstrow:yes;mso-yfti-lastrow:yes;\r\n  height:169.65pt\">\r\n\t\t\t<td style=\"width:490.6pt;border:solid windowtext 1.0pt;\r\n  mso-border-alt:solid windowtext .5pt;padding:0cm 5.4pt 0cm 5.4pt;height:169.65pt\" valign=\"top\" width=\"654\"><span style=\"font-family:arial,sans-serif; font-size:11.5pt; line-height:150%\">O Munic&iacute;pio de Carmo do Rio Claro\/MG torna p&uacute;blico o edital de Credenciamento n&ordm; 009\/2025 para o &ldquo;Credenciamento de Empresas para Presta&ccedil;&atilde;o de Servi&ccedil;o de Exames Odontol&oacute;gicos de Imagens Com Diagn&oacute;sticos no Formato Digital (Sem Impress&atilde;o), para Atender a Demanda da Secretaria Municipal de Sa&uacute;de do Munic&iacute;pio de Carmo do Rio Claro\/MG&rdquo;. O edital est&aacute; &agrave; disposi&ccedil;&atilde;o na sede do Munic&iacute;pio: Rua Delfim Moreira, n&ordm; 62, Centro, Departamento de Licita&ccedil;&otilde;es e Contratos, em dias &uacute;teis, de 08h. &agrave;s 11h. e de 12h30min. &agrave;s 17h. e no site www.carmodorioclaro.mg.gov.br e Portal Nacional de Contrata&ccedil;&otilde;es P&uacute;blicas a partir desta data. A apresenta&ccedil;&atilde;o dos documentos para credenciamento e proposta de ades&atilde;o poder&aacute; ser feita na no Departamento de Licita&ccedil;&otilde;es e Contratos a qualquer tempo, &agrave; partir de 19\/05\/2025, at&eacute; o dia 19\/05\/2026.<strong> <\/strong><\/span><\/td>\r\n\t\t<\/tr>\r\n\t<\/tbody>\r\n<\/table>\r\n"},{"titulo":"Revitaliza\u00e7\u00e3o da fachada UBS Porto","dataAtualizacao":"2026-04-06 13:28:33","dataPostagem":"2026-05-14 08:00:00","dataRealizacao":"2026-04-06 13:30:00","numeroEdital":90004,"numeroProcesso":47,"modalidade":"Concorr\u00eancia Eletr\u00f4nica","situacao":"Aberto","descricao":"<table border=\"1\" cellpadding=\"0\" cellspacing=\"0\" style=\"width:432.1pt;border-collapse:collapse;border:none;mso-border-alt:solid windowtext .5pt;\r\n mso-yfti-tbllook:1184;mso-padding-alt:0cm 5.4pt 0cm 5.4pt\" width=\"576\">\r\n\t<tbody>\r\n\t\t<tr style=\"mso-yfti-irow:0;mso-yfti-firstrow:yes;mso-yfti-lastrow:yes;\r\n  height:175.75pt\">\r\n\t\t\t<td style=\"width:432.1pt;border:solid windowtext 1.0pt;\r\n  mso-border-alt:solid windowtext .5pt;padding:0cm 5.4pt 0cm 5.4pt;height:175.75pt\" valign=\"top\" width=\"576\"><strong><span style=\"font-family:arial,sans-serif\">CONCORR&Ecirc;NCIA ELETR&Ocirc;NICA 90004\/2026 &ndash; PROCESSO LICITAT&Oacute;RIO 047\/2026<\/span><\/strong><br \/>\r\n\t\t\t<span style=\"font-family:arial,sans-serif\">O Munic&iacute;pio de Carmo do Rio Claro\/MG torna p&uacute;blico o edital da Concorr&ecirc;ncia em ep&iacute;grafe, Tipo Menor Pre&ccedil;o, para &ldquo;<\/span><span style=\"color:#5B5B5F; font-family:arial,sans-serif; font-size:14.0pt; line-height:150%\">Contrata&ccedil;&atilde;o de empresa especializada no ramo da constru&ccedil;&atilde;o civil, com fornecimento de materiais e m&atilde;o de obra, destinada &agrave; revitaliza&ccedil;&atilde;o da fachada da Unidade B&aacute;sica de Sa&uacute;de (UBS) do Porto<\/span><span style=\"font-family:arial,sans-serif\">&rdquo;.<\/span><br \/>\r\n\t\t\t<span style=\"font-family:arial,sans-serif\">O Edital est&aacute; dispon&iacute;vel na sede do Munic&iacute;pio, Departamento de Licita&ccedil;&otilde;es e Contratos Administrativos, Rua Delfim Moreira, n&ordm; 62, Centro, em dias &uacute;teis, de 08h &agrave;s 11h e 12h30 &agrave;s 17h., Portal Nacional de Contrata&ccedil;&otilde;es P&uacute;blicas &ndash; PNCP e nos sites <\/span><a href=\"http:\/\/www.carmodorioclaro.mg.gov.br\"><span style=\"font-family:arial,sans-serif\">www.carmodorioclaro.mg.gov.br<\/span><\/a><span style=\"font-family:arial,sans-serif\"> e <\/span><a href=\"http:\/\/www.compras.gov.br\"><span style=\"font-family:arial,sans-serif\">www.compras.gov.br<\/span><\/a><span style=\"font-family:arial,sans-serif\"> <span style=\"mso-bidi-font-weight:bold\">Abertura da Sess&atilde;o dia <\/span><strong>14<span style=\"mso-bidi-font-weight:bold\">\/05\/2026<\/span><\/strong><span style=\"mso-bidi-font-weight:bold\"> &agrave;s <strong>08 horas.<\/strong> Local: <\/span><\/span><a href=\"http:\/\/www.compras.gov.br\"><span style=\"font-family:arial,sans-serif; mso-bidi-font-weight:bold\">www.compras.gov.br<\/span><\/a><span style=\"font-family:arial,sans-serif\">.<\/span><\/td>\r\n\t\t<\/tr>\r\n\t<\/tbody>\r\n<\/table>\r\n"},{"titulo":"Credenciamento 008\/2025","dataAtualizacao":"2025-11-24 13:34:50","dataPostagem":"2026-05-08 17:00:00","dataRealizacao":"2025-05-07 08:00:00","numeroEdital":0,"numeroProcesso":86,"modalidade":"Credenciamento","situacao":"Aberto","descricao":"<table border=\"1\" cellpadding=\"0\" cellspacing=\"0\" style=\"width:490.6pt;border-collapse:collapse;border:none;mso-border-alt:solid windowtext .5pt;\r\n mso-yfti-tbllook:1184;mso-padding-alt:0cm 5.4pt 0cm 5.4pt\" width=\"654\">\r\n\t<tbody>\r\n\t\t<tr style=\"mso-yfti-irow:0;mso-yfti-firstrow:yes;mso-yfti-lastrow:yes;\r\n  height:169.65pt\">\r\n\t\t\t<td style=\"width:490.6pt;border:solid windowtext 1.0pt;\r\n  mso-border-alt:solid windowtext .5pt;padding:0cm 5.4pt 0cm 5.4pt;height:169.65pt\" valign=\"top\" width=\"654\"><span style=\"font-family:arial,sans-serif; font-size:11.5pt; line-height:150%\">O Munic&iacute;pio de Carmo do Rio Claro\/MG torna p&uacute;blico o edital de Credenciamento n&ordm; 008\/2025 para o &ldquo;Credenciamento de Empresas para Presta&ccedil;&atilde;o de Servi&ccedil;o de Fornecimento de Refei&ccedil;&otilde;es e Lanches de Modo a Atender as Demandas das Secretarias do Munic&iacute;pio de Carmo do Rio Claro\/MG&rdquo;. O edital est&aacute; &agrave; disposi&ccedil;&atilde;o na sede do Munic&iacute;pio: Rua Delfim Moreira, n&ordm; 62, Centro, Departamento de Licita&ccedil;&otilde;es e Contratos, em dias &uacute;teis, de 08h. &agrave;s 11h. e de 12h30min. &agrave;s 17h. e no site www.carmodorioclaro.mg.gov.br e Portal Nacional de Contrata&ccedil;&otilde;es P&uacute;blicas a partir desta data. A apresenta&ccedil;&atilde;o dos documentos para credenciamento e proposta de ades&atilde;o poder&aacute; ser feita na no Departamento de Licita&ccedil;&otilde;es e Contratos a qualquer tempo, &agrave; partir de 08\/05\/2025, at&eacute; o dia 08\/05\/2026.<strong> <\/strong><\/span><\/td>\r\n\t\t<\/tr>\r\n\t<\/tbody>\r\n<\/table>\r\n"},{"titulo":"Concorr\u00eancia Eletr\u00f4nica 90003\/2026","dataAtualizacao":"2026-04-16 10:11:46","dataPostagem":"2026-05-07 09:00:00","dataRealizacao":"2026-03-26 09:00:00","numeroEdital":0,"numeroProcesso":44,"modalidade":"Concorr\u00eancia Eletr\u00f4nica","situacao":"Aberto","descricao":"<table border=\"1\" cellpadding=\"0\" cellspacing=\"0\" style=\"border-collapse:collapse;mso-table-layout-alt:fixed;border:none;\r\n mso-border-alt:solid black .5pt;mso-yfti-tbllook:1024;mso-padding-alt:0cm 5.4pt 0cm 5.4pt;\r\n mso-border-insideh:.5pt solid black;mso-border-insidev:.5pt solid black\" width=\"654\">\r\n\t<tbody>\r\n\t\t<tr style=\"mso-yfti-irow:0;mso-yfti-firstrow:yes;mso-yfti-lastrow:yes;\r\n  height:124.45pt\">\r\n\t\t\t<td style=\"width:490.6pt;border:solid black 1.0pt;\r\n  mso-border-alt:solid black .5pt;padding:0cm 5.4pt 0cm 5.4pt;height:124.45pt\" valign=\"top\" width=\"654\"><span style=\"font-family:arial,sans-serif; mso-fareast-font-family:Arial\">O Munic&iacute;pio de Carmo do Rio Claro\/MG torna p&uacute;blico o edital da Concorr&ecirc;ncia Eletr&ocirc;nica 90003\/2026, Crit&eacute;rio de Julgamento Menor Pre&ccedil;o, para &ldquo;Contrata&ccedil;&atilde;o de Empresa Especializada para Presta&ccedil;&atilde;o de Servi&ccedil;os Consistentes na Elabora&ccedil;&atilde;o do Projeto B&aacute;sico e Projeto Executivo de Sinaliza&ccedil;&atilde;o Tur&iacute;stica Interpretativa e Sinaliza&ccedil;&atilde;o Tur&iacute;stica Indicativa Vertical dos Atrativos Naturais e Culturais do Munic&iacute;pio de Carmo do Rio Claro\/MG&rdquo;. O edital est&aacute; &agrave; disposi&ccedil;&atilde;o na sede do Munic&iacute;pio: Rua Delfim Moreira, n&ordm; 62, Centro, Departamento de Licita&ccedil;&otilde;es e Contratos Administrativos, em dias &uacute;teis, de 08h. &agrave;s 11h. e de 12h30min. &agrave;s 17h., no Portal Nacional de Contrata&ccedil;&otilde;es P&uacute;blicas e nos sites <u>www.carmodorioclaro.mg.gov.br<\/u> e <\/span><a href=\"http:\/\/www.compras.gov.br\"><span style=\"color:#0563C1; font-family:arial,sans-serif; mso-fareast-font-family:Arial\">www.compras.gov.br<\/span><\/a><span style=\"font-family:arial,sans-serif; mso-fareast-font-family:Arial\"> Abertura da Sess&atilde;o dia 07\/05\/2026, &agrave;s 09 horas. Local: <\/span><a href=\"http:\/\/www.compras.gov.br\"><span style=\"color:#0563C1; font-family:arial,sans-serif; mso-fareast-font-family:Arial\">www.compras.gov.br<\/span><\/a><span style=\"font-family:arial,sans-serif; mso-fareast-font-family:Arial\"><\/span><\/td>\r\n\t\t<\/tr>\r\n\t<\/tbody>\r\n<\/table>\r\n"},{"titulo":"Aquisi\u00e7\u00e3o de Materiais Hidr\u00e1ulicos","dataAtualizacao":"2026-04-24 13:03:53","dataPostagem":"2026-04-30 08:00:00","dataRealizacao":"2026-04-24 13:00:00","numeroEdital":90021,"numeroProcesso":58,"modalidade":"Dispensa de Licita\u00e7\u00e3o","situacao":"Aberto","descricao":"<table border=\"1\" cellpadding=\"0\" cellspacing=\"0\" style=\"width:432.1pt;border-collapse:collapse;border:none;mso-border-alt:solid windowtext .5pt;\r\n mso-yfti-tbllook:1184;mso-padding-alt:0cm 5.4pt 0cm 5.4pt\" width=\"576\">\r\n\t<tbody>\r\n\t\t<tr style=\"mso-yfti-irow:0;mso-yfti-firstrow:yes;mso-yfti-lastrow:yes;\r\n  height:175.75pt\">\r\n\t\t\t<td style=\"width:432.1pt;border:solid windowtext 1.0pt;\r\n  mso-border-alt:solid windowtext .5pt;padding:0cm 5.4pt 0cm 5.4pt;height:175.75pt\" valign=\"top\" width=\"576\"><strong><span style=\"font-family:arial,sans-serif\">DISPENSA ELETR&Ocirc;NICA 90021\/2026 &ndash; PROCESSO LICITAT&Oacute;RIO 058\/2026<\/span><\/strong><br \/>\r\n\t\t\t<span style=\"font-family:arial,sans-serif\">O Munic&iacute;pio de Carmo do Rio Claro\/MG torna p&uacute;blico o edital Da Dispensa Eletr&ocirc;nica em ep&iacute;grafe, Tipo Menor Pre&ccedil;o, para &ldquo;Aquisi&ccedil;&atilde;o de material hidr&aacute;ulico, destinado &agrave; instala&ccedil;&atilde;o em trincheira na &aacute;rea da usina de res&iacute;duos s&oacute;lidos, com a finalidade de promover a drenagem do chorume proveniente da compacta&ccedil;&atilde;o dos res&iacute;duos, bem como possibilitar a posterior aplica&ccedil;&atilde;o de geomembrana&rdquo;.<\/span><br \/>\r\n\t\t\t<span style=\"font-family:arial,sans-serif\">O Edital est&aacute; dispon&iacute;vel na sede do Munic&iacute;pio, Departamento de Licita&ccedil;&otilde;es e Contratos Administrativos, Rua Delfim Moreira, n&ordm; 62, Centro, em dias &uacute;teis, de 08h &agrave;s 11h e 12h30 &agrave;s 17h., Portal Nacional de Contrata&ccedil;&otilde;es P&uacute;blicas &ndash; PNCP e nos sites www.carmodorioclaro.mg.gov.br e <\/span><a href=\"http:\/\/www.compras.gov.br\"><span style=\"font-family:arial,sans-serif\">www.compras.gov.br<\/span><\/a><span style=\"font-family:arial,sans-serif\"> a partir do dia 27\/04\/2026 at&eacute; 30\/04\/2026. Abertura da Sess&atilde;o dia 30<strong>\/04\/2026 das 08:00 &agrave;s 14:00 horas<\/strong>. Local: www.compras.gov.br.<\/span><\/td>\r\n\t\t<\/tr>\r\n\t<\/tbody>\r\n<\/table>\r\n"},{"titulo":"PREG\u00c3O ELETRONICO N\u00ba 90020\/2026","dataAtualizacao":"2026-04-14 14:49:56","dataPostagem":"2026-04-29 09:00:00","dataRealizacao":"2026-04-15 08:00:00","numeroEdital":0,"numeroProcesso":52,"modalidade":"Preg\u00e3o Eletr\u00f4nico","situacao":"Aberto","descricao":"<table border=\"1\" cellpadding=\"0\" cellspacing=\"0\" style=\"width:490.6pt;border-collapse:collapse;border:none;mso-border-alt:solid windowtext .5pt;\r\n mso-yfti-tbllook:1184;mso-padding-alt:0cm 5.4pt 0cm 5.4pt\" width=\"654\">\r\n\t<tbody>\r\n\t\t<tr style=\"mso-yfti-irow:0;mso-yfti-firstrow:yes;mso-yfti-lastrow:yes;\r\n  height:124.45pt\">\r\n\t\t\t<td style=\"width:490.6pt;border:solid windowtext 1.0pt;\r\n  mso-border-alt:solid windowtext .5pt;padding:0cm 5.4pt 0cm 5.4pt;height:124.45pt\" valign=\"top\" width=\"654\"><span style=\"font-family:arial,sans-serif; font-size:11.5pt; line-height:150%\">O Munic&iacute;pio de Carmo do Rio Claro\/MG torna p&uacute;blico o Aviso de Edital do <span style=\"mso-bidi-font-weight:bold\">Preg&atilde;o Eletr&ocirc;nico N&ordm; 90020\/2026, Crit&eacute;rio de Julgamento Menor Pre&ccedil;o<\/span>, para o &ldquo;<\/span><span style=\"font-family:arial,sans-serif; mso-fareast-font-family:&quot;Century Gothic&quot;\">Registro de Pre&ccedil;os para a futura e eventual aquisi&ccedil;&atilde;o de itens de premia&ccedil;&atilde;o, destinados aos projetos institucionais da Secretaria Municipal de Educa&ccedil;&atilde;o<\/span><span style=\"font-family:arial,sans-serif; font-size:11.5pt; line-height:150%\">&rdquo;<strong>. <\/strong><\/span><span style=\"font-family:arial,sans-serif; mso-bidi-font-weight:bold\">O Edital est&aacute; &agrave; disposi&ccedil;&atilde;o na sede do Munic&iacute;pio: Rua Delfim Moreira, n&ordm; 62, Centro, Departamento de Licita&ccedil;&otilde;es e Contratos Administrativos, em dias &uacute;teis, das 08:00 &agrave;s 11:00 horas e das 13:00 &agrave;s 17:00 horas, e nos sites <u>www.carmodorioclaro.mg.gov.br,<\/u> <\/span><a href=\"http:\/\/www.compras.gov.br\"><span style=\"font-family:arial,sans-serif; mso-bidi-font-weight:bold\">www.compras.gov.br<\/span><\/a><span style=\"font-family:arial,sans-serif; mso-bidi-font-weight:bold\"> e Portal Nacional de Contrata&ccedil;&otilde;es P&uacute;blicas. Abertura da Sess&atilde;o dia <\/span><strong><span style=\"font-family:arial,sans-serif\">29\/04\/2026<\/span><\/strong><span style=\"font-family:arial,sans-serif; mso-bidi-font-weight:bold\">, &agrave;s <strong>09:00 horas<\/strong>. Local: <\/span><a href=\"http:\/\/www.compras.gov.br\"><span style=\"font-family:arial,sans-serif; mso-bidi-font-weight:bold\">www.compras.gov.br<\/span><\/a><span style=\"font-family:arial,sans-serif; font-size:12.0pt; line-height:150%\"><\/span><\/td>\r\n\t\t<\/tr>\r\n\t<\/tbody>\r\n<\/table>\r\n"},{"titulo":"Aquisi\u00e7\u00e3o de Xultophy - pacientes de ordens judiciais","dataAtualizacao":"2026-04-27 10:51:01","dataPostagem":"2026-04-27 10:49:00","dataRealizacao":"2026-04-27 10:49:00","numeroEdital":90023,"numeroProcesso":60,"modalidade":"Dispensa de Licita\u00e7\u00e3o","situacao":"Aberto","descricao":"<div><span style=\"font-family:arial,sans-serif; font-size:9.0pt; line-height:120%\"><span style=\"mso-spacerun:yes\">&nbsp;<\/span>AUTORIZA&Ccedil;&Atilde;O DE CONTRATA&Ccedil;&Atilde;O DIRETA<\/span><br \/>\r\n<span style=\"font-family:arial,sans-serif; font-size:9.0pt; line-height:120%\">DISPENSA DE LICITA&Ccedil;&Atilde;O &ndash; N&ordm; 90023\/2026<\/span><br \/>\r\n<span style=\"font-family:arial,sans-serif; font-size:9.0pt; line-height:120%\">PROCESSO N&ordm; 060\/2026<\/span><br \/>\r\n<span style=\"font-family:arial,sans-serif; font-size:3.0pt; line-height:120%; mso-bidi-font-size:9.0pt\">&nbsp;<\/span><br \/>\r\n<span style=\"font-size:9.0pt; line-height:150%\">&nbsp;<\/span><br \/>\r\n<span style=\"font-size:9.0pt; line-height:150%\">Ap&oacute;s constatada a regularidade dos atos procedimentais, a<span style=\"mso-spacerun:yes\">&nbsp; <\/span>Secret&aacute;ria Municipal de Sa&uacute;de Senhora Paula Reis Santana, no uso das atribui&ccedil;&otilde;es que lhe s&atilde;o conferidas pela legisla&ccedil;&atilde;o em vigor, em especial pelo Decreto n&ordm; 5.651\/23 e pelo disposto no artigo 72, VIII da Lei 14.133\/2021, AUTORIZA a Contrata&ccedil;&atilde;o Direta, atrav&eacute;s de Dispensa de Licita&ccedil;&atilde;o, fundamentada no Art. 75, VIII da Lei 14.133\/2021, vez que o processo foi instru&iacute;do com os documentos e requisitos que comprovam que o contratado possui habilita&ccedil;&atilde;o e qualifica&ccedil;&atilde;o m&iacute;nima para celebrar o contrato, e a instru&ccedil;&atilde;o do processo obedeceu &agrave;s exig&ecirc;ncias do art. 72 da referida Lei e ADJUDICA E HOMOLOGA o processo de Contrata&ccedil;&atilde;o Direta nos seguintes Termos<\/span><span style=\"font-size:10.5pt; line-height:150%\">:<\/span><br \/>\r\n<span style=\"font-size:10.5pt; line-height:150%\">&nbsp;<\/span>\r\n\r\n<div style=\"mso-element:para-border-div;border:solid windowtext 1.0pt;\r\nmso-border-alt:solid windowtext .5pt;padding:1.0pt 4.0pt 1.0pt 4.0pt\"><strong><span style=\"font-family:arial,sans-serif; font-size:8.0pt; line-height:120%\">&nbsp;<\/span><\/strong><br \/>\r\n<strong><span style=\"font-family:arial,sans-serif; font-size:8.0pt; line-height:120%\">Contratada:<\/span><\/strong><br \/>\r\n<strong><span style=\"font-family:arial,sans-serif; font-size:8.0pt; line-height:120%\">DROGARIA L &amp; D LTDA&ndash; CNPJ: 11.029.499\/0001-86<\/span><\/strong><br \/>\r\n<strong><span style=\"font-family:arial,sans-serif; font-size:8.0pt; line-height:120%\">&nbsp;<\/span><\/strong><br \/>\r\n<strong><span style=\"font-family:arial,sans-serif; font-size:8.0pt; line-height:120%\">Valor total: <\/span><\/strong><span style=\"font-family:arial,sans-serif; font-size:8.0pt; line-height:120%\">R$ 10.567,80 (Dez mil, quinhentos e sessenta e sete reais e oitenta centavos)<\/span><br \/>\r\n<strong><span style=\"font-family:arial,sans-serif; font-size:8.0pt; line-height:120%\">&nbsp;<\/span><\/strong><br \/>\r\n<strong><span style=\"font-family:arial,sans-serif; font-size:8.0pt; line-height:120%\">Objeto:<\/span><\/strong><span style=\"font-family:arial,sans-serif; font-size:8.0pt; line-height:120%\"> Medicamentos de ordens judiciais que n&atilde;o se encontram com processo licitat&oacute;rio vigente. Itens que tamb&eacute;m foram fracassados\/desertos no preg&atilde;o eletr&ocirc;nico n&ordm; 90098\/2025<\/span><br \/>\r\n<strong><span style=\"font-family:arial,sans-serif; font-size:8.0pt; line-height:120%\">&nbsp;<\/span><\/strong><br \/>\r\n<strong><span style=\"font-family:arial,sans-serif; font-size:8.0pt; line-height:120%\">Fundamenta&ccedil;&atilde;o Legal:<\/span><\/strong><span style=\"font-family:arial,sans-serif; font-size:8.0pt; line-height:120%\"> Art. 75, VIII da Lei 14.133 de 01&ordm; de abril de 2021.<\/span><br \/>\r\n<span style=\"font-family:arial,sans-serif; font-size:8.0pt; line-height:120%\">&nbsp;<\/span><\/div>\r\n<span style=\"font-family:arial,sans-serif; font-size:10.0pt; line-height:120%\">&nbsp;<\/span><br \/>\r\n<span style=\"font-family:arial,sans-serif; font-size:10.0pt; line-height:120%\">Publique-se!<\/span><br \/>\r\n<span style=\"font-family:arial,sans-serif; font-size:10.0pt; line-height:120%\">&nbsp;<\/span><br \/>\r\n<span style=\"font-family:arial,sans-serif; font-size:10.0pt; line-height:120%\">&nbsp;<\/span><br \/>\r\n<span style=\"font-family:arial,sans-serif; font-size:10.0pt; line-height:120%\">&nbsp;<\/span><br \/>\r\n<span style=\"font-family:arial,sans-serif; font-size:10.0pt; line-height:120%\">Carmo do Rio Claro\/MG, 27 de abril de 2026.<\/span><br \/>\r\n<span style=\"font-family:arial,sans-serif; font-size:10.0pt; line-height:120%\">&nbsp;<\/span><br \/>\r\n<span style=\"font-family:arial,sans-serif; font-size:10.0pt; line-height:120%\">&nbsp;<\/span><br \/>\r\n<span style=\"font-family:arial,sans-serif; font-size:10.0pt; line-height:120%\">&nbsp;<\/span><br \/>\r\n<span style=\"font-family:arial,sans-serif; font-size:10.0pt; line-height:120%\">&nbsp;<\/span><br \/>\r\n<span style=\"font-family:arial,sans-serif; font-size:10.0pt; line-height:120%\">PAULA REIS SANTANA<\/span><br \/>\r\n<span style=\"font-family:arial,sans-serif; font-size:10.0pt; line-height:120%\">Secret&aacute;ria Municipal de Sa&uacute;de<\/span><span style=\"font-family:arial,sans-serif; font-size:11.0pt; line-height:120%\"><\/span><br \/>\r\n<span style=\"font-family:arial,sans-serif; font-size:11.0pt; line-height:120%\">&nbsp;<\/span><br \/>\r\n<span style=\"font-family:arial,sans-serif; font-size:11.0pt; line-height:120%\">&nbsp;<\/span><\/div>\r\n<span style=\"font-family:arial,sans-serif; font-size:11.0pt; line-height:120%; mso-ansi-language:PT-BR; mso-bidi-language:AR-SA; mso-fareast-font-family:&quot;Times New Roman&quot;; mso-fareast-language:PT-BR\"><\/span><br \/>\r\n<span style=\"font-size:10.0pt\">&nbsp;<\/span><br \/>\r\n<span style=\"font-family:arial,sans-serif; font-size:7.0pt; mso-bidi-font-size:8.0pt\">&nbsp;<\/span>\r\n\r\n<div style=\"mso-element:para-border-div;border:solid windowtext 1.0pt;\r\nmso-border-alt:solid windowtext .5pt;padding:1.0pt 4.0pt 1.0pt 4.0pt;\r\nmargin-left:262.25pt;margin-right:35.45pt\"><strong><span style=\"font-family:tahoma,sans-serif; font-size:8.0pt; mso-bidi-font-size:11.0pt; mso-fareast-font-family:Calibri; mso-fareast-language:EN-US\">MUNIC&Iacute;PIO DE CARMO DO RIO CLARO<\/span><\/strong><br \/>\r\n<strong><span style=\"font-family:tahoma,sans-serif; font-size:7.5pt; mso-fareast-font-family:Calibri; mso-fareast-language:EN-US\">______ESTADO DE MINAS GERAIS______<\/span><\/strong><br \/>\r\n<em><span style=\"font-family:tahoma,sans-serif; font-size:6.0pt; mso-bidi-font-size:8.0pt; mso-fareast-font-family:Calibri; mso-fareast-language:EN-US\">&nbsp;<\/span><\/em><br \/>\r\n<em><span style=\"font-family:tahoma,sans-serif; font-size:7.0pt; mso-bidi-font-size:8.0pt; mso-fareast-font-family:Calibri; mso-fareast-language:EN-US\">CERTIFICO QUE O PRESENTE ATO FOI PUBLICADO, CONFORME LEI MUNICIPAL N&ordm; 2.144\/2010, NESTA DATA, NA IMPRENSA OFICIAL DO MUNIC&Iacute;PIO, ATRAV&Eacute;S DO SITE DA PREFEITURA (www.carmodorioclaro.mg.gov.br) E DO MURAL LOCALIZADO NO &Aacute;TRIO DO PA&Ccedil;O MUNICIPAL. Carmo do Rio Claro\/MG, <span style=\"mso-spacerun:yes\">&nbsp;&nbsp;&nbsp;&nbsp;<\/span>27\/04\/2026.<\/span><\/em><br \/>\r\n<span style=\"font-family:tahoma,sans-serif; font-size:7.0pt; mso-bidi-font-size:10.0pt; mso-fareast-font-family:Calibri; mso-fareast-language:EN-US\">&nbsp;<\/span><br \/>\r\n<span style=\"font-family:tahoma,sans-serif; font-size:7.0pt; mso-bidi-font-size:10.0pt; mso-fareast-font-family:Calibri; mso-fareast-language:EN-US\">___________________________________<\/span><br \/>\r\n<span style=\"font-family:tahoma,sans-serif; font-size:7.0pt; mso-bidi-font-size:10.0pt; mso-fareast-font-family:Calibri; mso-fareast-language:EN-US\">Evair Donizete Silva Pereira &ndash; Chefe de Gabinete<\/span><\/div>\r\n"},{"titulo":"Loca\u00e7\u00e3o de equipamento com presta\u00e7\u00e3o de servi\u00e7o mensal de ventilador mec\u00e2nico port\u00e1til","dataAtualizacao":"2026-04-27 08:58:50","dataPostagem":"2026-04-24 15:37:00","dataRealizacao":"2026-04-24 15:37:00","numeroEdital":90022,"numeroProcesso":59,"modalidade":"Dispensa de Licita\u00e7\u00e3o","situacao":"Aberto","descricao":"<br \/>\r\n<span style=\"font-family:arial,sans-serif; font-size:9.0pt; line-height:120%\"><span style=\"mso-spacerun:yes\">&nbsp;<\/span>AUTORIZA&Ccedil;&Atilde;O DE CONTRATA&Ccedil;&Atilde;O DIRETA<\/span><br \/>\r\n<span style=\"font-family:arial,sans-serif; font-size:9.0pt; line-height:120%\">DISPENSA DE LICITA&Ccedil;&Atilde;O &ndash; N&ordm; 90022\/2026<\/span><br \/>\r\n<span style=\"font-family:arial,sans-serif; font-size:9.0pt; line-height:120%\">PROCESSO N&ordm; 059\/2026<\/span><br \/>\r\n<span style=\"font-family:arial,sans-serif; font-size:3.0pt; line-height:120%; mso-bidi-font-size:9.0pt\">&nbsp;<\/span><br \/>\r\n<span style=\"font-size:9.0pt; line-height:150%\">&nbsp;<\/span><br \/>\r\n<span style=\"font-size:9.0pt; line-height:150%\">Ap&oacute;s constatada a regularidade dos atos procedimentais, a<span style=\"mso-spacerun:yes\">&nbsp; <\/span>Secret&aacute;ria Municipal de Sa&uacute;de Senhora Paula Reis Santana, no uso das atribui&ccedil;&otilde;es que lhe s&atilde;o conferidas pela legisla&ccedil;&atilde;o em vigor, em especial pelo Decreto n&ordm; 5.651\/23 e pelo disposto no artigo 72, VIII da Lei 14.133\/2021, AUTORIZA a Contrata&ccedil;&atilde;o Direta, atrav&eacute;s de Dispensa de Licita&ccedil;&atilde;o, fundamentada no Art. 75, VIII da Lei 14.133\/2021, vez que o processo foi instru&iacute;do com os documentos e requisitos que comprovam que o contratado possui habilita&ccedil;&atilde;o e qualifica&ccedil;&atilde;o m&iacute;nima para celebrar o contrato, e a instru&ccedil;&atilde;o do processo obedeceu &agrave;s exig&ecirc;ncias do art. 72 da referida Lei e ADJUDICA E HOMOLOGA o processo de Contrata&ccedil;&atilde;o Direta nos seguintes Termos<\/span><span style=\"font-size:10.5pt; line-height:150%\">:<\/span><br \/>\r\n<span style=\"font-size:10.5pt; line-height:150%\">&nbsp;<\/span>\r\n\r\n<div style=\"mso-element:para-border-div;border:solid windowtext 1.0pt;\r\nmso-border-alt:solid windowtext .5pt;padding:1.0pt 4.0pt 1.0pt 4.0pt\"><strong><span style=\"font-family:arial,sans-serif; font-size:8.0pt; line-height:120%\">&nbsp;<\/span><\/strong><br \/>\r\n<strong><span style=\"font-family:arial,sans-serif; font-size:8.0pt; line-height:120%\">Contratada:<\/span><\/strong><br \/>\r\n<strong><span style=\"font-family:arial,sans-serif; font-size:8.0pt; line-height:120%\">RESPMED EQUIPAMENTOS HOSPITALARES LTDA&ndash; CNPJ: 37.494.973\/0001-34<\/span><\/strong><br \/>\r\n<strong><span style=\"font-family:arial,sans-serif; font-size:8.0pt; line-height:120%\">&nbsp;<\/span><\/strong><br \/>\r\n<strong><span style=\"font-family:arial,sans-serif; font-size:8.0pt; line-height:120%\">Valor total: <\/span><\/strong><span style=\"font-family:arial,sans-serif; font-size:8.0pt; line-height:120%\">R$ 12.800,00 (Doze mil e oitocentos reais)<\/span><br \/>\r\n<strong><span style=\"font-family:arial,sans-serif; font-size:8.0pt; line-height:120%\">&nbsp;<\/span><\/strong><br \/>\r\n<strong><span style=\"font-family:arial,sans-serif; font-size:8.0pt; line-height:120%\">Objeto:<\/span><\/strong><span style=\"font-family:arial,sans-serif; font-size:8.0pt; line-height:120%\"> Loca&ccedil;&atilde;o de equipamento com presta&ccedil;&atilde;o de servi&ccedil;o mensal de ventilador mec&acirc;nico port&aacute;til<\/span><br \/>\r\n<strong><span style=\"font-family:arial,sans-serif; font-size:8.0pt; line-height:120%\">&nbsp;<\/span><\/strong><br \/>\r\n<strong><span style=\"font-family:arial,sans-serif; font-size:8.0pt; line-height:120%\">Fundamenta&ccedil;&atilde;o Legal:<\/span><\/strong><span style=\"font-family:arial,sans-serif; font-size:8.0pt; line-height:120%\"> Art. 75, VIII da Lei 14.133 de 01&ordm; de abril de 2021.<\/span><br \/>\r\n<span style=\"font-family:arial,sans-serif; font-size:8.0pt; line-height:120%\">&nbsp;<\/span><\/div>\r\n<span style=\"font-family:arial,sans-serif; font-size:10.0pt; line-height:120%\">&nbsp;<\/span><br \/>\r\n&nbsp;"},{"titulo":"Credenciamento 005\/2025","dataAtualizacao":"2025-04-09 12:48:47","dataPostagem":"2026-04-10 17:00:00","dataRealizacao":"2025-04-09 08:00:00","numeroEdital":0,"numeroProcesso":71,"modalidade":"Credenciamento","situacao":"Aberto","descricao":"<table border=\"1\" cellpadding=\"0\" cellspacing=\"0\" style=\"width:490.6pt;border-collapse:collapse;border:none;mso-border-alt:solid windowtext .5pt;\r\n mso-yfti-tbllook:1184;mso-padding-alt:0cm 5.4pt 0cm 5.4pt\" width=\"654\">\r\n\t<tbody>\r\n\t\t<tr style=\"mso-yfti-irow:0;mso-yfti-firstrow:yes;mso-yfti-lastrow:yes;\r\n  height:169.65pt\">\r\n\t\t\t<td style=\"width:490.6pt;border:solid windowtext 1.0pt;\r\n  mso-border-alt:solid windowtext .5pt;padding:0cm 5.4pt 0cm 5.4pt;height:169.65pt\" valign=\"top\" width=\"654\"><span style=\"font-family:arial,sans-serif; font-size:11.5pt; line-height:150%\">O Munic&iacute;pio de Carmo do Rio Claro\/MG torna p&uacute;blico o edital de Credenciamento n&ordm; 005\/2025 para o <\/span><span style=\"font-family:arial,sans-serif; font-size:12.0pt; line-height:150%; mso-bidi-font-weight:bold\">&ldquo;Credenciamento de Pessoas F&iacute;sicas ou Jur&iacute;dicas Especializadas na Presta&ccedil;&atilde;o de Servi&ccedil;o com Fornecimento e Instala&ccedil;&atilde;o de Toldos de Policarbonato para Suprir a Demanda Das Unidades De Sa&uacute;de Do Munic&iacute;pio<\/span><span style=\"font-family:arial,sans-serif; font-size:11.5pt; line-height:150%\">&rdquo;.<\/span><span style=\"font-family:arial,sans-serif; font-size:12.0pt; line-height:150%\"> <\/span><span style=\"font-family:arial,sans-serif; font-size:11.5pt; line-height:150%; mso-fareast-language:AR-SA\">O edital est&aacute; &agrave; disposi&ccedil;&atilde;o na sede do Munic&iacute;pio: Rua Delfim Moreira, n&ordm; 62, Centro, Departamento de Licita&ccedil;&otilde;es e Contratos, em dias &uacute;teis, de 08h. &agrave;s 11h. e de 12h30min. &agrave;s 17h. e no site www.carmodorioclaro.mg.gov.br e Portal Nacional de Contrata&ccedil;&otilde;es P&uacute;blicas a partir desta data. <\/span><span style=\"font-family:arial,sans-serif; font-size:11.5pt; line-height:150%\">A apresenta&ccedil;&atilde;o dos documentos para credenciamento e proposta de ades&atilde;o poder&aacute; ser feita na no Departamento de Licita&ccedil;&otilde;es e Contratos <strong>a qualquer tempo<\/strong><\/span><span style=\"font-family:arial,sans-serif; mso-bidi-font-weight:bold\">, &agrave; partir de <\/span><strong><span style=\"font-family:arial,sans-serif\">10\/04\/2025<\/span><\/strong><span style=\"font-family:arial,sans-serif; mso-bidi-font-weight:bold\">, at&eacute; o dia <\/span><strong><span style=\"font-family:arial,sans-serif\">10\/04\/2026<\/span><\/strong><span style=\"font-family:arial,sans-serif; mso-bidi-font-weight:bold\">.<\/span><span style=\"font-family:arial,sans-serif; font-size:11.5pt; line-height:150%\"><\/span><\/td>\r\n\t\t<\/tr>\r\n\t<\/tbody>\r\n<\/table>\r\n"},{"titulo":"Aquisi\u00e7\u00e3o de Equipamentos de Prote\u00e7\u00e3o Individual (EPI\u2019s)","dataAtualizacao":"2026-04-17 09:51:16","dataPostagem":"2026-04-08 08:30:00","dataRealizacao":"2026-03-25 10:00:00","numeroEdital":90017,"numeroProcesso":42,"modalidade":"Preg\u00e3o Eletr\u00f4nico","situacao":"Aberto","descricao":"<table border=\"1\" cellpadding=\"0\" cellspacing=\"0\" style=\"width:432.1pt;border-collapse:collapse;border:none;mso-border-alt:solid windowtext .5pt;\r\n mso-yfti-tbllook:1184;mso-padding-alt:0cm 5.4pt 0cm 5.4pt\" width=\"576\">\r\n\t<tbody>\r\n\t\t<tr style=\"mso-yfti-irow:0;mso-yfti-firstrow:yes;mso-yfti-lastrow:yes;\r\n  height:175.75pt\">\r\n\t\t\t<td style=\"width:432.1pt;border:solid windowtext 1.0pt;\r\n  mso-border-alt:solid windowtext .5pt;padding:0cm 5.4pt 0cm 5.4pt;height:175.75pt\" valign=\"top\" width=\"576\"><strong><span style=\"font-family:arial,sans-serif\">PREG&Atilde;O ELETR&Ocirc;NICO 90017\/2026 &ndash; PROCESSO LICITAT&Oacute;RIO 042\/2026<\/span><\/strong><br \/>\r\n\t\t\t<span style=\"font-family:arial,sans-serif\">O Munic&iacute;pio de Carmo do Rio Claro\/MG torna p&uacute;blico o edital do Preg&atilde;o em ep&iacute;grafe, Tipo Menor Pre&ccedil;o, para &ldquo;Sistema de registro de pre&ccedil;os para futura e eventual aquisi&ccedil;&atilde;o de Equipamentos de Prote&ccedil;&atilde;o Individual (EPI&rsquo;s) para os servidores municipais, sendo a entrega de acordo com a necessidade at&eacute; o per&iacute;odo de 12 (doze) meses&rdquo;.<\/span><br \/>\r\n\t\t\t<span style=\"font-family:arial,sans-serif\">O Edital est&aacute; dispon&iacute;vel na sede do Munic&iacute;pio, Departamento de Licita&ccedil;&otilde;es e Contratos Administrativos, Rua Delfim Moreira, n&ordm; 62, Centro, em dias &uacute;teis, de 08h &agrave;s 11h e 12h30 &agrave;s 17h., Portal Nacional de Contrata&ccedil;&otilde;es P&uacute;blicas &ndash; PNCP e nos sites <\/span><a href=\"http:\/\/www.carmodorioclaro.mg.gov.br\"><span style=\"font-family:arial,sans-serif\">www.carmodorioclaro.mg.gov.br<\/span><\/a><span style=\"font-family:arial,sans-serif\"> e <\/span><a href=\"http:\/\/www.compras.gov.br\"><span style=\"font-family:arial,sans-serif\">www.compras.gov.br<\/span><\/a><span style=\"font-family:arial,sans-serif\"> <span style=\"mso-bidi-font-weight:bold\">Abertura da Sess&atilde;o dia <strong>08\/04\/2025<\/strong> &agrave;s <strong>08:30 horas.<\/strong> Local: <\/span><\/span><a href=\"http:\/\/www.compras.gov.br\"><span style=\"font-family:arial,sans-serif; mso-bidi-font-weight:bold\">www.compras.gov.br<\/span><\/a><span style=\"font-family:arial,sans-serif\">.<\/span><\/td>\r\n\t\t<\/tr>\r\n\t<\/tbody>\r\n<\/table>\r\n"},{"titulo":"Preg\u00e3o Eletr\u00f4nico 90016\/2026","dataAtualizacao":"2026-03-24 16:12:01","dataPostagem":"2026-04-07 09:00:00","dataRealizacao":"2026-03-12 09:00:00","numeroEdital":0,"numeroProcesso":37,"modalidade":"Preg\u00e3o Eletr\u00f4nico","situacao":"Retificado","descricao":"<table border=\"1\" cellpadding=\"0\" cellspacing=\"0\" style=\"border-collapse:collapse;mso-table-layout-alt:fixed;border:none;\r\n mso-border-alt:solid black .5pt;mso-yfti-tbllook:1024;mso-padding-alt:0cm 5.4pt 0cm 5.4pt;\r\n mso-border-insideh:.5pt solid black;mso-border-insidev:.5pt solid black\" width=\"654\">\r\n\t<tbody>\r\n\t\t<tr style=\"mso-yfti-irow:0;mso-yfti-firstrow:yes;mso-yfti-lastrow:yes;\r\n  height:124.45pt\">\r\n\t\t\t<td style=\"width:490.6pt;border:solid black 1.0pt;\r\n  mso-border-alt:solid black .5pt;padding:0cm 5.4pt 0cm 5.4pt;height:124.45pt\" valign=\"top\" width=\"654\"><span style=\"font-family:arial,sans-serif; mso-fareast-font-family:Arial\">O Munic&iacute;pio de Carmo do Rio Claro\/MG torna p&uacute;blica a retifica&ccedil;&atilde;o do edital do <strong>Preg&atilde;o Eletr&ocirc;nico 90016\/2026<\/strong>, Crit&eacute;rio de Julgamento Menor Pre&ccedil;o, para:<br \/>\r\n\t\t\t<br \/>\r\n\t\t\t<em>&ldquo;Registro de Pre&ccedil;o para Futura e Eventual Aquisi&ccedil;&atilde;o de Eletrodom&eacute;sticos, Ferramentas e Utens&iacute;lios Dom&eacute;sticos e Industriais&rdquo;.<\/em><br \/>\r\n\t\t\t<br \/>\r\n\t\t\tO edital retificado est&aacute; &agrave; disposi&ccedil;&atilde;o na sede do Munic&iacute;pio: Rua Delfim Moreira, n&ordm; 62, Centro, Departamento de Licita&ccedil;&otilde;es e Contratos Administrativos, em dias &uacute;teis, de 08h. &agrave;s 11h. e de 12h30min. &agrave;s 17h., no Portal Nacional de Contrata&ccedil;&otilde;es P&uacute;blicas e nos sites <u>www.carmodorioclaro.mg.gov.br<\/u> e <\/span><a href=\"http:\/\/www.compras.gov.br\"><span style=\"color:#0563C1; font-family:arial,sans-serif; mso-fareast-font-family:Arial\">www.compras.gov.br<\/span><\/a><span style=\"font-family:arial,sans-serif; mso-fareast-font-family:Arial\"><br \/>\r\n\t\t\t<br \/>\r\n\t\t\tAbertura da Sess&atilde;o dia <strong>07\/04\/2026<\/strong>, &agrave;s <strong>09 horas.<\/strong> Local: <\/span><a href=\"http:\/\/www.compras.gov.br\"><span style=\"color:#0563C1; font-family:arial,sans-serif; mso-fareast-font-family:Arial\">www.compras.gov.br<\/span><\/a><span style=\"font-family:arial,sans-serif; mso-fareast-font-family:Arial\"><\/span><\/td>\r\n\t\t<\/tr>\r\n\t<\/tbody>\r\n<\/table>\r\n"},{"titulo":"ADES\u00c3O A ATA DE REGISTRO DE PRE\u00c7OS N\u00ba 001\/2025 ORIUNDA DO PREG\u00c3O ELETR\u00d4NICO N\u00ba 07\/2024 \u2013 PROCESSO LICITAT\u00d3RIO N\u00ba 07\/2024 DO CISPAR \u2013 CONS\u00d3RCIO P\u00daBLICO INTERMUNICIPAL DE DESENVOLVIMENTO SUSTENT\u00c1VEL DO ALTO PARANA\u00cdBA","dataAtualizacao":"2026-04-14 13:24:46","dataPostagem":"2026-04-01 13:00:00","dataRealizacao":"2026-03-26 14:00:00","numeroEdital":0,"numeroProcesso":45,"modalidade":"Preg\u00e3o Eletr\u00f4nico","situacao":"Aberto","descricao":"<strong><span style=\"font-family:arial,sans-serif; font-size:10.0pt; line-height:115%\">PROCESSO ADMINISTRATIVO N&ordm; 045\/2026 &ndash; PREG&Atilde;O ELETR&Ocirc;NICO N&ordm; 90019\/2026 &ndash; REGISTRO DE PRE&Ccedil;OS N&ordm; 015\/2026<\/span><\/strong><br \/>\r\n<strong><span style=\"font-family:arial,sans-serif; font-size:10.0pt; line-height:115%\">&nbsp;<\/span><\/strong><br \/>\r\n<strong><span style=\"font-family:arial,sans-serif; font-size:10.0pt; line-height:115%\">AVISO DE INTEN&Ccedil;&Atilde;O DE ADES&Atilde;O A ATA DE REGISTRO DE PRE&Ccedil;OS N&ordm; 001\/2025 ORIUNDA DO PREG&Atilde;O ELETR&Ocirc;NICO N&ordm; 07\/2024 &ndash; PROCESSO LICITAT&Oacute;RIO N&ordm; 07\/2024 DO CISPAR &ndash; CONS&Oacute;RCIO P&Uacute;BLICO INTERMUNICIPAL DE DESENVOLVIMENTO SUSTENT&Aacute;VEL DO ALTO PARANA&Iacute;BA<\/span><\/strong><br \/>\r\n<strong><span style=\"font-family:arial,sans-serif; font-size:10.0pt; line-height:115%\">&nbsp;<\/span><\/strong><br \/>\r\n<span style=\"font-size:10.0pt; line-height:115%\">O Munic&iacute;pio de Carmo do Rio Claro, atrav&eacute;s da Secretaria Municipal de Educa&ccedil;&atilde;o, torna p&uacute;blica a INTEN&Ccedil;&Atilde;O DE ADES&Atilde;O &agrave; Ata de Registro de Pre&ccedil;os n&ordm;. 001\/2025, do Cons&oacute;rcio P&uacute;blico Intermunicipal de Desenvolvimento Sustent&aacute;vel do Alto Parana&iacute;ba<span style=\"mso-bidi-font-weight:bold\"> &ndash; CISPAR, c<\/span>ujo Objeto &eacute; o <span style=\"mso-bidi-font-weight:bold\">&ldquo;<\/span>Registro de Pre&ccedil;os para futura e eventual aquisi&ccedil;&atilde;o de <span style=\"mso-bidi-font-weight:bold\">circuitos mistos inclusivos, conforme detalhamento constante do edital e dos documentos que o integram<\/span>, a fim de suprir as necessidades da &aacute;rea da educa&ccedil;&atilde;o junto aos munic&iacute;pios da regi&atilde;o de abrang&ecirc;ncia do <span style=\"mso-bidi-font-weight:bold\">CISPAR<\/span>&rdquo;. <\/span><br \/>\r\n<strong><span style=\"font-family:arial,sans-serif; font-size:10.0pt; line-height:115%\">&nbsp;<\/span><\/strong><br \/>\r\n<strong><span style=\"font-family:arial,sans-serif; font-size:10.0pt; line-height:115%\">Fornecedor<\/span><\/strong><span style=\"font-family:arial,sans-serif; font-size:10.0pt; line-height:115%; mso-bidi-font-weight:bold\">: <strong>DOM PARK INDUSTRIA E COMERCIO DE BRINQUEDOS PARA PARQUES E DIVERSOS LTDA<\/strong> - CNPJ: 37.146.454\/0001-85<\/span><span style=\"font-family:arial,sans-serif; font-size:10.0pt; line-height:115%\">, sediado na Avenida Gon&ccedil;alo Antunes de Barros, 550, Bosque da Sa&uacute;de, Cuiab&aacute;-MT, CEP: 78050-186, e-mail: <\/span><a href=\"mailto:domparke@uol.com.br\"><span style=\"font-family:arial,sans-serif; font-size:10.0pt; line-height:115%\">domparke@uol.com.br<\/span><\/a><span style=\"font-family:arial,sans-serif; font-size:10.0pt; line-height:115%\"><span style=\"mso-spacerun:yes\">&nbsp; <\/span>telefones: (65) 2136-4010 e (65) 98150-3100.<\/span><br \/>\r\n&nbsp;"},{"titulo":"Concorr\u00eancia Eletr\u00f4nica 90002\/2026 - Constru\u00e7\u00e3o UBS Rua Nova","dataAtualizacao":"2026-04-16 10:50:49","dataPostagem":"2026-03-31 08:00:00","dataRealizacao":"2026-02-23 13:00:00","numeroEdital":90002,"numeroProcesso":22,"modalidade":"Concorr\u00eancia Eletr\u00f4nica","situacao":"Aberto","descricao":"<table border=\"1\" cellpadding=\"0\" cellspacing=\"0\" style=\"width:432.1pt;border-collapse:collapse;border:none;mso-border-alt:solid windowtext .5pt;\r\n mso-yfti-tbllook:1184;mso-padding-alt:0cm 5.4pt 0cm 5.4pt\" width=\"576\">\r\n\t<tbody>\r\n\t\t<tr style=\"mso-yfti-irow:0;mso-yfti-firstrow:yes;mso-yfti-lastrow:yes;\r\n  height:175.75pt\">\r\n\t\t\t<td style=\"width:432.1pt;border:solid windowtext 1.0pt;\r\n  mso-border-alt:solid windowtext .5pt;padding:0cm 5.4pt 0cm 5.4pt;height:175.75pt\" valign=\"top\" width=\"576\"><strong><span style=\"font-family:arial,sans-serif\">CONCORR&Ecirc;NCIA ELETR&Ocirc;NICA 90002\/2026 &ndash; PROCESSO LICITAT&Oacute;RIO 022\/2026<\/span><\/strong><br \/>\r\n\t\t\t<span style=\"font-family:arial,sans-serif\">O Munic&iacute;pio de Carmo do Rio Claro\/MG torna p&uacute;blico o edital da Concorr&ecirc;ncia em ep&iacute;grafe, Tipo Menor Pre&ccedil;o, para &ldquo;<\/span><span style=\"color:#5B5B5F; font-family:arial,sans-serif; font-size:14.0pt; line-height:150%\">Contrata&ccedil;&atilde;o de empresa especializada no ramo da constru&ccedil;&atilde;o civil para execu&ccedil;&atilde;o da obra da Unidade B&aacute;sica de Sa&uacute;de (UBS) Pedro Ant&ocirc;nio de Melo, localizada na Rua Abrahim David, s\/n, Centro, no Munic&iacute;pio de Carmo do Rio Claro\/MG<\/span><span style=\"font-family:arial,sans-serif\">&rdquo;.<\/span><br \/>\r\n\t\t\t<span style=\"font-family:arial,sans-serif\">O Edital est&aacute; dispon&iacute;vel na sede do Munic&iacute;pio, Departamento de Licita&ccedil;&otilde;es e Contratos Administrativos, Rua Delfim Moreira, n&ordm; 62, Centro, em dias &uacute;teis, de 08h &agrave;s 11h e 12h30 &agrave;s 17h., Portal Nacional de Contrata&ccedil;&otilde;es P&uacute;blicas &ndash; PNCP e nos sites <\/span><a href=\"http:\/\/www.carmodorioclaro.mg.gov.br\"><span style=\"font-family:arial,sans-serif\">www.carmodorioclaro.mg.gov.br<\/span><\/a><span style=\"font-family:arial,sans-serif\"> e <\/span><a href=\"http:\/\/www.compras.gov.br\"><span style=\"font-family:arial,sans-serif\">www.compras.gov.br<\/span><\/a><span style=\"font-family:arial,sans-serif\"> <span style=\"mso-bidi-font-weight:bold\">Abertura da Sess&atilde;o dia <\/span><strong>31<span style=\"mso-bidi-font-weight:bold\">\/03\/2026<\/span><\/strong><span style=\"mso-bidi-font-weight:bold\"> &agrave;s <strong>08 horas.<\/strong> Local: <\/span><\/span><a href=\"http:\/\/www.compras.gov.br\"><span style=\"font-family:arial,sans-serif; mso-bidi-font-weight:bold\">www.compras.gov.br<\/span><\/a><span style=\"font-family:arial,sans-serif\">.<\/span><\/td>\r\n\t\t<\/tr>\r\n\t<\/tbody>\r\n<\/table>\r\n"},{"titulo":"Preg\u00e3o Eletr\u00f4nico 90012\/2026","dataAtualizacao":"2026-03-24 14:58:21","dataPostagem":"2026-03-26 09:00:00","dataRealizacao":"2026-02-27 09:00:00","numeroEdital":0,"numeroProcesso":31,"modalidade":"Preg\u00e3o Eletr\u00f4nico","situacao":"Retificado","descricao":"<table border=\"1\" cellpadding=\"0\" cellspacing=\"0\" style=\"border-collapse:collapse;mso-table-layout-alt:fixed;border:none;\r\n mso-border-alt:solid black .5pt;mso-yfti-tbllook:1024;mso-padding-alt:0cm 5.4pt 0cm 5.4pt;\r\n mso-border-insideh:.5pt solid black;mso-border-insidev:.5pt solid black\" width=\"654\">\r\n\t<tbody>\r\n\t\t<tr style=\"mso-yfti-irow:0;mso-yfti-firstrow:yes;mso-yfti-lastrow:yes;\r\n  height:124.45pt\">\r\n\t\t\t<td style=\"width:490.6pt;border:solid black 1.0pt;\r\n  mso-border-alt:solid black .5pt;padding:0cm 5.4pt 0cm 5.4pt;height:124.45pt\" valign=\"top\" width=\"654\"><span style=\"font-family:arial,sans-serif; mso-fareast-font-family:Arial\">O Munic&iacute;pio de Carmo do Rio Claro\/MG torna p&uacute;blica a retifica&ccedil;&atilde;o do edital do <strong>Preg&atilde;o Eletr&ocirc;nico 90012\/2026<\/strong>, Crit&eacute;rio de Julgamento Menor Pre&ccedil;o, para:<br \/>\r\n\t\t\t<br \/>\r\n\t\t\t<em>&ldquo;Registro de Pre&ccedil;o para Futura e Eventual Aquisi&ccedil;&atilde;o de F&oacute;rmulas Infantis, Dietas Enterais, Suplementos Alimentares e Produtos Nutricionais Especializados, para Fornecimento aos Assistidos pelas Secretarias Municipais de Sa&uacute;de e de Assist&ecirc;ncia Social&rdquo;.<\/em><br \/>\r\n\t\t\t<br \/>\r\n\t\t\tO edital est&aacute; &agrave; disposi&ccedil;&atilde;o na sede do Munic&iacute;pio: Rua Delfim Moreira, n&ordm; 62, Centro, Departamento de Licita&ccedil;&otilde;es e Contratos Administrativos, em dias &uacute;teis, de 08h. &agrave;s 11h. e de 12h30min. &agrave;s 17h., no Portal Nacional de Contrata&ccedil;&otilde;es P&uacute;blicas e nos sites <u>www.carmodorioclaro.mg.gov.br<\/u> e <\/span><a href=\"http:\/\/www.compras.gov.br\"><span style=\"color:#0563C1; font-family:arial,sans-serif; mso-fareast-font-family:Arial\">www.compras.gov.br<\/span><\/a><br \/>\r\n\t\t\t<br \/>\r\n\t\t\t<span style=\"font-family:arial,sans-serif; mso-fareast-font-family:Arial\">Abertura da Sess&atilde;o dia <strong>26\/03\/2026<\/strong>, &agrave;s <strong>09 horas.<\/strong> Local: <\/span><a href=\"http:\/\/www.compras.gov.br\"><span style=\"color:#0563C1; font-family:arial,sans-serif; mso-fareast-font-family:Arial\">www.compras.gov.br<\/span><\/a><span style=\"font-family:arial,sans-serif; mso-fareast-font-family:Arial\"><\/span><\/td>\r\n\t\t<\/tr>\r\n\t<\/tbody>\r\n<\/table>\r\n"},{"titulo":"Preg\u00e3o Eletr\u00f4nico 90018\/2026","dataAtualizacao":"2026-03-25 09:17:30","dataPostagem":"2026-03-24 16:50:00","dataRealizacao":"2026-03-24 16:50:00","numeroEdital":0,"numeroProcesso":43,"modalidade":"Preg\u00e3o Eletr\u00f4nico","situacao":"Homologado","descricao":"<div>\r\n<div style=\"text-align: center;\"><strong><span style=\"color:black; font-family:arial,sans-serif; font-size:11.5pt; line-height:120%; mso-fareast-font-family:Arial\">&nbsp;<\/span><\/strong><strong><span style=\"color:black; font-family:arial,sans-serif; mso-fareast-font-family:Arial\">TERMO DE ADJUDICA&Ccedil;&Atilde;O E HOMOLOGA&Ccedil;&Atilde;O<\/span><\/strong><\/div>\r\n\r\n<div style=\"text-align: center;\"><strong><span style=\"color:black; font-family:arial,sans-serif; mso-fareast-font-family:Arial\">&nbsp;<\/span><\/strong><br \/>\r\n<strong><span style=\"color:black; font-family:arial,sans-serif; mso-fareast-font-family:Arial\">Processo: 043\/2026<\/span><\/strong><br \/>\r\n<span style=\"outline:0px !important\"><strong><span style=\"color:black; font-family:arial,sans-serif; mso-fareast-font-family:Arial\">Preg&atilde;o Eletr&ocirc;nico 90018\/2026<\/span><\/strong><\/span><\/div>\r\n<strong><span style=\"color:black; font-family:arial,sans-serif; mso-fareast-font-family:Arial\">&nbsp;<\/span><\/strong><br \/>\r\n<strong><span style=\"font-family:arial,sans-serif\">Objeto:<\/span><\/strong><span style=\"font-family:arial,sans-serif\"> <em>&ldquo;Aquisi&ccedil;&atilde;o, Atrav&eacute;s da Participa&ccedil;&atilde;o do Munic&iacute;pio na Ata de Registro de Pre&ccedil;os N&ordm; 65\/2025, Oriunda do Preg&atilde;o Eletr&ocirc;nico 226\/2024, do Governo Estado de Minas Gerais, Cujo Objeto &Eacute; o Registro de Pre&ccedil;os para Eventual Compra Estadual de Kit Enxoval Beb&ecirc;&rdquo;<\/em>.<\/span><br \/>\r\n<span style=\"font-family:arial,sans-serif\">&nbsp;<\/span><br \/>\r\n<span style=\"font-family:arial,sans-serif\">Ap&oacute;s constatada a regularidade dos atos procedimentais, a Secret&aacute;ria Municipal de Sa&uacute;de, Senhora Paula Reis Santana, no uso das atribui&ccedil;&otilde;es que lhe s&atilde;o conferidas pela legisla&ccedil;&atilde;o em vigor e em especial pelo Decreto n&ordm; 5.651\/23, AUTORIZO a aquisi&ccedil;&atilde;o, atrav&eacute;s da participa&ccedil;&atilde;o do Munic&iacute;pio de Carmo do Rio Claro\/MG, na Ata de Registro de Pre&ccedil;os n&ordm; 65\/2025, decorrente do Preg&atilde;o Eletr&ocirc;nico SRP n&ordm;. 1321603 226\/2024, realizado pelo Estado de Minas Gerais atrav&eacute;s da Secretaria de Estado de Sa&uacute;de, vez que o processo foi instru&iacute;do com os documentos e requisitos que comprovam que o(s) contratado(s) possui(em) habilita&ccedil;&atilde;o e qualifica&ccedil;&atilde;o m&iacute;nima para celebrar o contrato, e a instru&ccedil;&atilde;o do processo obedeceu &agrave;s exig&ecirc;ncias da Lei 14.133\/2021 resolve pela ADJUDICA&Ccedil;&Atilde;O e pela HOMOLOGA&Ccedil;&Atilde;O do processo nos seguintes termos:<\/span><br \/>\r\n<span style=\"font-family:arial,sans-serif\">&nbsp;<\/span><br \/>\r\n<strong><span style=\"font-family:arial,sans-serif\">Contratada:<\/span><\/strong><span style=\"font-family:arial,sans-serif\"> <strong>BRINK MOBIL EQUIPAMENTOS LTDA<\/strong>, CNPJ n&ordm; 79.788.766\/0027-71, sede com sede na Av. Angelo Suzano, n&ordm; 2.225, letra B, C&oacute;rrego Alegre, CEP-29297-000, Sooretama\/ES. decorrente da Ata de Registro de Pre&ccedil;os n&deg;065\/2025, regido pela Lei Federal n&ordm; 14.133, de 1&ordm; <\/span><br \/>\r\n<span style=\"font-family:arial,sans-serif\">&nbsp;<\/span><br \/>\r\n<span style=\"font-family:arial,sans-serif\">Discrimina&ccedil;&atilde;o do objeto: <\/span><br \/>\r\n<strong><span style=\"font-family:arial,sans-serif; mso-fareast-font-family:Arial\"><span style=\"mso-spacerun:yes\">&nbsp;<\/span><\/span><\/strong>\r\n\r\n<table border=\"0\" cellpadding=\"0\" cellspacing=\"0\" style=\"margin-left:-.25pt;border-collapse:collapse;mso-table-layout-alt:fixed;\r\n mso-yfti-tbllook:1184;mso-padding-alt:.25pt 0cm 0cm 0cm\" width=\"643\">\r\n\t<tbody>\r\n\t\t<tr style=\"mso-yfti-irow:0;mso-yfti-firstrow:yes;height:34.15pt\">\r\n\t\t\t<td style=\"width:27.6pt;border:solid black 1.0pt;border-bottom:double black 1.5pt;\r\n  mso-border-alt:solid black .5pt;mso-border-bottom-alt:double black 1.5pt;\r\n  padding:.25pt 0cm 0cm 0cm;height:34.15pt\" width=\"37\"><strong><span style=\"font-family:arial,sans-serif; font-size:9.0pt; mso-fareast-font-family:Arial\">LOTE <\/span><\/strong><span new=\"\" roman=\"\" style=\"font-size:9.0pt\" times=\"\"><\/span><\/td>\r\n\t\t\t<td style=\"width:25.2pt;border-top:solid black 1.0pt;border-left:\r\n  none;border-bottom:double black 1.5pt;border-right:solid black 1.0pt;\r\n  mso-border-left-alt:solid black .5pt;mso-border-alt:solid black .5pt;\r\n  mso-border-bottom-alt:double black 1.5pt;padding:.25pt 0cm 0cm 0cm;\r\n  height:34.15pt\" width=\"34\"><span new=\"\" roman=\"\" style=\"font-size:9.0pt\" times=\"\"><span style=\"mso-spacerun:yes\">&nbsp;<\/span><\/span><strong><span style=\"font-family:arial,sans-serif; font-size:9.0pt; mso-fareast-font-family:Arial\">ITEM <\/span><\/strong><span new=\"\" roman=\"\" style=\"font-size:9.0pt\" times=\"\"><\/span><\/td>\r\n\t\t\t<td style=\"width:53.55pt;border-top:solid black 1.0pt;border-left:\r\n  none;border-bottom:double black 1.5pt;border-right:solid black 1.0pt;\r\n  mso-border-left-alt:solid black .5pt;mso-border-alt:solid black .5pt;\r\n  mso-border-bottom-alt:double black 1.5pt;padding:.25pt 0cm 0cm 0cm;\r\n  height:34.15pt\" width=\"71\"><strong><span style=\"font-family:arial,sans-serif; font-size:9.0pt; mso-fareast-font-family:Arial\">C&Oacute;D. DO ITEM NO SIAD <\/span><\/strong><span new=\"\" roman=\"\" style=\"font-size:9.0pt\" times=\"\"><\/span><\/td>\r\n\t\t\t<td style=\"width:3.0cm;border-top:solid black 1.0pt;border-left:\r\n  none;border-bottom:double black 1.5pt;border-right:solid black 1.0pt;\r\n  mso-border-left-alt:solid black .5pt;mso-border-alt:solid black .5pt;\r\n  mso-border-bottom-alt:double black 1.5pt;padding:.25pt 0cm 0cm 0cm;\r\n  height:34.15pt\" width=\"113\"><strong><span style=\"font-family:arial,sans-serif; font-size:9.0pt; mso-fareast-font-family:Arial\">DESCRI&Ccedil;&Atilde;O DO ITEM CATMAS <\/span><\/strong><span new=\"\" roman=\"\" style=\"font-size:9.0pt\" times=\"\"><\/span><\/td>\r\n\t\t\t<td style=\"width:70.85pt;border-top:solid black 1.0pt;border-left:\r\n  none;border-bottom:double black 1.5pt;border-right:solid black 1.0pt;\r\n  mso-border-left-alt:solid black .5pt;mso-border-alt:solid black .5pt;\r\n  mso-border-bottom-alt:double black 1.5pt;padding:.25pt 0cm 0cm 0cm;\r\n  height:34.15pt\" width=\"94\"><strong><span style=\"font-family:arial,sans-serif; font-size:9.0pt; mso-fareast-font-family:Arial\">CCOMPLEMENTA&Ccedil;&Atilde;O DO ITEM CATMAS <\/span><\/strong><span new=\"\" roman=\"\" style=\"font-size:9.0pt\" times=\"\"><\/span><\/td>\r\n\t\t\t<td style=\"width:51.6pt;border-top:solid black 1.0pt;border-left:\r\n  none;border-bottom:double black 1.5pt;border-right:solid black 1.0pt;\r\n  mso-border-left-alt:solid black .5pt;mso-border-alt:solid black .5pt;\r\n  mso-border-bottom-alt:double black 1.5pt;padding:.25pt 0cm 0cm 0cm;\r\n  height:34.15pt\" width=\"69\"><strong><span style=\"font-family:arial,sans-serif; font-size:9.0pt; mso-fareast-font-family:Arial\">UNIDADE DE AQUISI&Ccedil;&Atilde;O <\/span><\/strong><span new=\"\" roman=\"\" style=\"font-size:9.0pt\" times=\"\"><\/span><\/td>\r\n\t\t\t<td style=\"width:62.55pt;border-top:solid black 1.0pt;border-left:\r\n  none;border-bottom:double black 1.5pt;border-right:solid black 1.0pt;\r\n  mso-border-left-alt:solid black .5pt;mso-border-alt:solid black .5pt;\r\n  mso-border-bottom-alt:double black 1.5pt;padding:.25pt 0cm 0cm 0cm;\r\n  height:34.15pt\" width=\"83\"><span new=\"\" roman=\"\" style=\"font-size:9.0pt\" times=\"\"><span style=\"mso-spacerun:yes\">&nbsp;<\/span><\/span><strong><span style=\"font-family:arial,sans-serif; font-size:9.0pt; mso-fareast-font-family:Arial\">QUANTIDADE <\/span><\/strong><span new=\"\" roman=\"\" style=\"font-size:9.0pt\" times=\"\"><\/span><\/td>\r\n\t\t\t<td style=\"width:47.65pt;border-top:solid black 1.0pt;border-left:\r\n  none;border-bottom:double black 1.5pt;border-right:solid black 1.0pt;\r\n  mso-border-left-alt:solid black .5pt;mso-border-alt:solid black .5pt;\r\n  mso-border-bottom-alt:double black 1.5pt;padding:.25pt 0cm 0cm 0cm;\r\n  height:34.15pt\" width=\"64\"><strong><span style=\"font-family:arial,sans-serif; font-size:9.0pt; mso-fareast-font-family:Arial\">VALOR UNIT&Aacute;RIO <\/span><\/strong><span new=\"\" roman=\"\" style=\"font-size:9.0pt\" times=\"\"><\/span><\/td>\r\n\t\t\t<td style=\"width:57.9pt;border-top:solid black 1.0pt;border-left:\r\n  none;border-bottom:double black 1.5pt;border-right:solid black 1.0pt;\r\n  mso-border-left-alt:solid black .5pt;mso-border-alt:solid black .5pt;\r\n  mso-border-bottom-alt:double black 1.5pt;padding:.25pt 0cm 0cm 0cm;\r\n  height:34.15pt\" width=\"77\"><strong><span style=\"font-family:arial,sans-serif; font-size:9.0pt; mso-fareast-font-family:Arial\">VALOR TOTAL <\/span><\/strong><span new=\"\" roman=\"\" style=\"font-size:9.0pt\" times=\"\"><\/span><\/td>\r\n\t\t<\/tr>\r\n\t\t<tr style=\"mso-yfti-irow:1;mso-yfti-lastrow:yes;height:272.25pt\">\r\n\t\t\t<td style=\"width:27.6pt;border:solid black 1.0pt;border-top:none;\r\n  mso-border-top-alt:double black 1.5pt;mso-border-alt:solid black .5pt;\r\n  mso-border-top-alt:double black 1.5pt;padding:.25pt 0cm 0cm 0cm;height:272.25pt\" width=\"37\"><span new=\"\" roman=\"\" style=\"font-size:11.0pt\" times=\"\">1<\/span><\/td>\r\n\t\t\t<td style=\"width:25.2pt;border-top:none;border-left:none;border-bottom:\r\n  solid black 1.0pt;border-right:solid black 1.0pt;mso-border-top-alt:double black 1.5pt;\r\n  mso-border-left-alt:solid black .5pt;mso-border-alt:solid black .5pt;\r\n  mso-border-top-alt:double black 1.5pt;padding:.25pt 0cm 0cm 0cm;height:272.25pt\" width=\"34\"><span new=\"\" roman=\"\" style=\"font-size:11.0pt\" times=\"\">1<\/span><\/td>\r\n\t\t\t<td style=\"width:53.55pt;border-top:none;border-left:none;\r\n  border-bottom:solid black 1.0pt;border-right:solid black 1.0pt;mso-border-top-alt:\r\n  double black 1.5pt;mso-border-left-alt:solid black .5pt;mso-border-alt:solid black .5pt;\r\n  mso-border-top-alt:double black 1.5pt;padding:.25pt 0cm 0cm 0cm;height:272.25pt\" width=\"71\"><span new=\"\" roman=\"\" style=\"font-size:11.0pt\" times=\"\">001963872<\/span><\/td>\r\n\t\t\t<td style=\"width:3.0cm;border-top:none;border-left:none;border-bottom:\r\n  solid black 1.0pt;border-right:solid black 1.0pt;mso-border-top-alt:double black 1.5pt;\r\n  mso-border-left-alt:solid black .5pt;mso-border-alt:solid black .5pt;\r\n  mso-border-top-alt:double black 1.5pt;padding:.25pt 0cm 0cm 0cm;height:272.25pt\" width=\"113\"><span new=\"\" roman=\"\" style=\"font-size:11.0pt\" times=\"\">KIT ENXOVAL IDENTIFICACAO:RECEM- NASCIDO; COMPONENTE (1): BOLSA MATERNIDADE; COMPONENTE (2): MACACAO CURTO TIPO SHORT, MACACAO LONGO, CULOTE; COMPONENTE (3): PARES DE MEIA, COBERTOR, TOALHA COM CAPUZ; COMPONENTE (4): CASAQUINHO COM CAPUZ;<\/span><\/td>\r\n\t\t\t<td style=\"width:70.85pt;border-top:none;border-left:none;\r\n  border-bottom:solid black 1.0pt;border-right:solid black 1.0pt;mso-border-top-alt:\r\n  double black 1.5pt;mso-border-left-alt:solid black .5pt;mso-border-alt:solid black .5pt;\r\n  mso-border-top-alt:double black 1.5pt;padding:.25pt 0cm 0cm 0cm;height:272.25pt\" width=\"94\"><span new=\"\" roman=\"\" style=\"font-size:11.0pt\" times=\"\">ESTE ITEM POSSUI ARQUIVO DE LONGA ANEXADO AO CAMPO ARQUIVOS.<\/span><\/td>\r\n\t\t\t<td style=\"width:51.6pt;border-top:none;border-left:none;border-bottom:\r\n  solid black 1.0pt;border-right:solid black 1.0pt;mso-border-top-alt:double black 1.5pt;\r\n  mso-border-left-alt:solid black .5pt;mso-border-alt:solid black .5pt;\r\n  mso-border-top-alt:double black 1.5pt;padding:.25pt 0cm 0cm 0cm;height:272.25pt\" width=\"69\"><span new=\"\" roman=\"\" style=\"font-size:11.0pt\" times=\"\">UNIDADE<\/span><\/td>\r\n\t\t\t<td style=\"width:62.55pt;border-top:none;border-left:none;\r\n  border-bottom:solid black 1.0pt;border-right:solid black 1.0pt;mso-border-top-alt:\r\n  double black 1.5pt;mso-border-left-alt:solid black .5pt;mso-border-alt:solid black .5pt;\r\n  mso-border-top-alt:double black 1.5pt;padding:.25pt 0cm 0cm 0cm;height:272.25pt\" width=\"83\"><span new=\"\" roman=\"\" style=\"font-size:11.0pt\" times=\"\">11<\/span><\/td>\r\n\t\t\t<td style=\"width:47.65pt;border-top:none;border-left:none;\r\n  border-bottom:solid black 1.0pt;border-right:solid black 1.0pt;mso-border-top-alt:\r\n  double black 1.5pt;mso-border-left-alt:solid black .5pt;mso-border-alt:solid black .5pt;\r\n  mso-border-top-alt:double black 1.5pt;padding:.25pt 0cm 0cm 0cm;height:272.25pt\" width=\"64\"><span new=\"\" roman=\"\" style=\"font-size:11.0pt\" times=\"\">R$322,49<\/span><\/td>\r\n\t\t\t<td style=\"width:57.9pt;border-top:none;border-left:none;border-bottom:\r\n  solid black 1.0pt;border-right:solid black 1.0pt;mso-border-top-alt:double black 1.5pt;\r\n  mso-border-left-alt:solid black .5pt;mso-border-alt:solid black .5pt;\r\n  mso-border-top-alt:double black 1.5pt;padding:.25pt 0cm 0cm 0cm;height:272.25pt\" width=\"77\"><span new=\"\" roman=\"\" style=\"font-size:11.0pt\" times=\"\">R$3.547,39<\/span><\/td>\r\n\t\t<\/tr>\r\n\t<\/tbody>\r\n<\/table>\r\n<strong><span style=\"font-family:arial,sans-serif; font-size:11.0pt; line-height:150%; mso-fareast-font-family:Arial\">&nbsp;<\/span><\/strong><br \/>\r\n<strong><span style=\"font-family:arial,sans-serif; font-size:11.0pt; line-height:150%; mso-fareast-font-family:Arial\">Valor total da presente aquisi&ccedil;&atilde;o: <\/span><\/strong><span style=\"font-family:arial,sans-serif; font-size:11.0pt; line-height:150%; mso-bidi-font-weight:bold; mso-fareast-font-family:Arial\">R$ 3.547,39 (Tr&ecirc;s mil, quinhentos e quarenta e sete Reais e trinta e nove centavos).<\/span>\r\n\r\n<div style=\"text-align: center;\"><span style=\"font-family:arial,sans-serif; font-size:11.0pt; line-height:120%\">Publique-se!<\/span><br \/>\r\n<span style=\"font-family:arial,sans-serif; font-size:10.0pt; line-height:120%\">&nbsp;<\/span><br \/>\r\n<span style=\"font-family:arial,sans-serif; font-size:11.0pt; line-height:120%\">Paula Reis Santana<\/span><br \/>\r\n<span style=\"font-family:arial,sans-serif; font-size:11.0pt; line-height:120%\">Secret&aacute;ria Municipal de Sa&uacute;de<\/span><\/div>\r\n<span style=\"font-family:arial,sans-serif; font-size:11.0pt; line-height:120%\">&nbsp;<\/span><\/div>\r\n"},{"titulo":"Dispensa 90018\/2026 - Medicamentos de Ordem Judicial","dataAtualizacao":"2026-03-19 10:01:50","dataPostagem":"2026-03-19 10:00:00","dataRealizacao":"2026-03-19 10:00:00","numeroEdital":90018,"numeroProcesso":41,"modalidade":"Dispensa de Licita\u00e7\u00e3o","situacao":"Aberto","descricao":"<div style=\"mso-element:para-border-div;border:solid windowtext 1.0pt;\r\nmso-border-alt:solid windowtext .5pt;padding:1.0pt 4.0pt 1.0pt 4.0pt\"><strong><span style=\"font-family:arial,sans-serif; font-size:8.0pt; line-height:120%\">&nbsp;<\/span><\/strong><br \/>\r\n<strong><span style=\"font-family:arial,sans-serif; font-size:8.0pt; line-height:120%\">Contratada:<\/span><\/strong><br \/>\r\n<strong><span style=\"font-family:arial,sans-serif; font-size:8.0pt; line-height:120%\">DROGARIA L &amp; D LTDA&ndash; CNPJ: 11.029.499\/0001-86<\/span><\/strong><br \/>\r\n<strong><span style=\"font-family:arial,sans-serif; font-size:8.0pt; line-height:120%\">&nbsp;<\/span><\/strong><br \/>\r\n<strong><span style=\"font-family:arial,sans-serif; font-size:8.0pt; line-height:120%\">Valor total: <\/span><\/strong><span style=\"font-family:arial,sans-serif; font-size:8.0pt; line-height:120%\">R$ 5.464,40 (Cinco mil, quatrocentos e sessenta e quatro reais e quarenta centavos).<\/span><br \/>\r\n<strong><span style=\"font-family:arial,sans-serif; font-size:8.0pt; line-height:120%\">&nbsp;<\/span><\/strong><br \/>\r\n<strong><span style=\"font-family:arial,sans-serif; font-size:8.0pt; line-height:120%\">Objeto:<\/span><\/strong><span style=\"font-family:arial,sans-serif; font-size:8.0pt; line-height:120%\"> Dispensa Emergencial para aquisi&ccedil;&atilde;o dos medicamentos de pacientes de ordens judiciais que conforme carta do fornecedor, est&aacute; enfrentando dificuldades em localiza-los.<\/span><br \/>\r\n<strong><span style=\"font-family:arial,sans-serif; font-size:8.0pt; line-height:120%\">&nbsp;<\/span><\/strong><br \/>\r\n<strong><span style=\"font-family:arial,sans-serif; font-size:8.0pt; line-height:120%\">Fundamenta&ccedil;&atilde;o Legal:<\/span><\/strong><span style=\"font-family:arial,sans-serif; font-size:8.0pt; line-height:120%\"> Art. 75, VIII da Lei 14.133 de 01&ordm; de abril de 2021.<\/span><br \/>\r\n<span style=\"font-family:arial,sans-serif; font-size:8.0pt; line-height:120%\">&nbsp;<\/span><\/div>\r\n"},{"titulo":"Dispensa 90016 - Ordem judicial sensor freestyle","dataAtualizacao":"2026-03-17 10:35:04","dataPostagem":"2026-03-17 10:33:00","dataRealizacao":"2026-03-17 10:33:00","numeroEdital":90016,"numeroProcesso":39,"modalidade":"Dispensa de Licita\u00e7\u00e3o","situacao":"Aberto","descricao":"<div style=\"mso-element:para-border-div;border:solid windowtext 1.0pt;\r\nmso-border-alt:solid windowtext .5pt;padding:1.0pt 4.0pt 1.0pt 4.0pt\"><strong><span style=\"font-family:arial,sans-serif; font-size:8.0pt; line-height:120%\">&nbsp;<\/span><\/strong><br \/>\r\n<strong><span style=\"font-family:arial,sans-serif; font-size:8.0pt; line-height:120%\">Contratada:<\/span><\/strong><br \/>\r\n<strong><span style=\"font-family:arial,sans-serif; font-size:8.0pt; line-height:120%\">DROGARIA L &amp; D LTDA &ndash; CNPJ: 11.029.499\/0001-86<\/span><\/strong><br \/>\r\n<strong><span style=\"font-family:arial,sans-serif; font-size:8.0pt; line-height:120%\">&nbsp;<\/span><\/strong><br \/>\r\n<strong><span style=\"font-family:arial,sans-serif; font-size:8.0pt; line-height:120%\">Valor total: <\/span><\/strong><span style=\"font-family:arial,sans-serif; font-size:8.0pt; line-height:120%\">R$ 10.320,00 (Dez mil, trezentos e vinte reais)<\/span><br \/>\r\n<strong><span style=\"font-family:arial,sans-serif; font-size:8.0pt; line-height:120%\">&nbsp;<\/span><\/strong><br \/>\r\n<strong><span style=\"font-family:arial,sans-serif; font-size:8.0pt; line-height:120%\">Objeto:<\/span><\/strong><span style=\"font-family:arial,sans-serif; font-size:8.0pt; line-height:120%\"> Aquisi&ccedil;&atilde;o de insumos de sa&uacute;de, consistentes em sensores para monitoramento cont&iacute;nuo de glicose do sistema freestyle libre, destinados ao atendimento de pacientes amparados por ordens judiciais, conforme documenta&ccedil;&atilde;o constante nos autos do processo<\/span><br \/>\r\n<strong><span style=\"font-family:arial,sans-serif; font-size:8.0pt; line-height:120%\">&nbsp;<\/span><\/strong><br \/>\r\n<strong><span style=\"font-family:arial,sans-serif; font-size:8.0pt; line-height:120%\">Fundamenta&ccedil;&atilde;o Legal:<\/span><\/strong><span style=\"font-family:arial,sans-serif; font-size:8.0pt; line-height:120%\"> Art. 75, VIII da Lei 14.133 de 01&ordm; de abril de 2021.<\/span><br \/>\r\n<span style=\"font-family:arial,sans-serif; font-size:8.0pt; line-height:120%\">&nbsp;<\/span><\/div>\r\n"},{"titulo":"Dispensa 90017 - Medicamentos de ordem judicial","dataAtualizacao":"2026-03-17 10:16:23","dataPostagem":"2026-03-17 10:14:00","dataRealizacao":"2026-03-17 10:14:00","numeroEdital":90017,"numeroProcesso":40,"modalidade":"Dispensa de Licita\u00e7\u00e3o","situacao":"Aberto","descricao":"<div style=\"mso-element:para-border-div;border:solid windowtext 1.0pt;\r\nmso-border-alt:solid windowtext .5pt;padding:1.0pt 4.0pt 1.0pt 4.0pt\"><strong><span style=\"font-family:arial,sans-serif; font-size:8.0pt; line-height:120%\">&nbsp;<\/span><\/strong><br \/>\r\n<strong><span style=\"font-family:arial,sans-serif; font-size:8.0pt; line-height:120%\">Contratada:<\/span><\/strong><br \/>\r\n<strong><span style=\"font-family:arial,sans-serif; font-size:8.0pt; line-height:120%\">DROGARIA L &amp; D LTDA&ndash; CNPJ: 11.029.499\/0001-86<\/span><\/strong><br \/>\r\n<strong><span style=\"font-family:arial,sans-serif; font-size:8.0pt; line-height:120%\">&nbsp;<\/span><\/strong><br \/>\r\n<strong><span style=\"font-family:arial,sans-serif; font-size:8.0pt; line-height:120%\">Valor total: <\/span><\/strong><span style=\"font-family:arial,sans-serif; font-size:8.0pt; line-height:120%\">R$ 4.330,50 (Quatro mil, trezentos e trinta reais e cinquenta centavos<\/span><br \/>\r\n<strong><span style=\"font-family:arial,sans-serif; font-size:8.0pt; line-height:120%\">&nbsp;<\/span><\/strong><br \/>\r\n<strong><span style=\"font-family:arial,sans-serif; font-size:8.0pt; line-height:120%\">Objeto:<\/span><\/strong><span style=\"font-family:arial,sans-serif; font-size:8.0pt; line-height:120%\"> Medicamentos de ordens judiciais que n&atilde;o se encontram com processo licitat&oacute;rio vigente. Itens que tamb&eacute;m foram fracassados\/desertos no preg&atilde;o eletr&ocirc;nico n&ordm; 90098\/2025<\/span><br \/>\r\n<strong><span style=\"font-family:arial,sans-serif; font-size:8.0pt; line-height:120%\">&nbsp;<\/span><\/strong><br \/>\r\n<strong><span style=\"font-family:arial,sans-serif; font-size:8.0pt; line-height:120%\">Fundamenta&ccedil;&atilde;o Legal:<\/span><\/strong><span style=\"font-family:arial,sans-serif; font-size:8.0pt; line-height:120%\"> Art. 75, VIII da Lei 14.133 de 01&ordm; de abril de 2021.<\/span><br \/>\r\n<span style=\"font-family:arial,sans-serif; font-size:8.0pt; line-height:120%\">&nbsp;<\/span><\/div>\r\n"},{"titulo":"Preg\u00e3o Eletr\u00f4nico 90014\/2026","dataAtualizacao":"2026-03-25 15:26:43","dataPostagem":"2026-03-17 09:00:00","dataRealizacao":"2026-03-02 09:00:00","numeroEdital":0,"numeroProcesso":33,"modalidade":"Preg\u00e3o Eletr\u00f4nico","situacao":"Aberto","descricao":"<table border=\"1\" cellpadding=\"0\" cellspacing=\"0\" style=\"border-collapse:collapse;mso-table-layout-alt:fixed;border:none;\r\n mso-border-alt:solid black .5pt;mso-yfti-tbllook:1024;mso-padding-alt:0cm 5.4pt 0cm 5.4pt;\r\n mso-border-insideh:.5pt solid black;mso-border-insidev:.5pt solid black\" width=\"654\">\r\n\t<tbody>\r\n\t\t<tr style=\"mso-yfti-irow:0;mso-yfti-firstrow:yes;mso-yfti-lastrow:yes;\r\n  height:124.45pt\">\r\n\t\t\t<td style=\"width:490.6pt;border:solid black 1.0pt;\r\n  mso-border-alt:solid black .5pt;padding:0cm 5.4pt 0cm 5.4pt;height:124.45pt\" valign=\"top\" width=\"654\"><span style=\"font-family:arial,sans-serif; mso-fareast-font-family:Arial\">O Munic&iacute;pio de Carmo do Rio Claro\/MG torna p&uacute;blico o edital do <strong>Preg&atilde;o Eletr&ocirc;nico 90014\/2026<\/strong>, Crit&eacute;rio de Julgamento Menor Pre&ccedil;o, para <em>&ldquo;Registro de Pre&ccedil;os para Futura e Eventual Contrata&ccedil;&atilde;o de Empresa para Fornecimento de Recargas de Cilindros de Oxig&ecirc;nio Medicinal e Recargas de Cilindros de G&aacute;s para Solda MIG&quot;<\/em>. O edital est&aacute; &agrave; disposi&ccedil;&atilde;o na sede do Munic&iacute;pio: Rua Delfim Moreira, n&ordm; 62, Centro, Departamento de Licita&ccedil;&otilde;es e Contratos Administrativos, em dias &uacute;teis, de 08h. &agrave;s 11h. e de 12h30min. &agrave;s 17h., no Portal Nacional de Contrata&ccedil;&otilde;es P&uacute;blicas e nos sites <u>www.carmodorioclaro.mg.gov.br<\/u> e <\/span><a href=\"http:\/\/www.compras.gov.br\"><span style=\"color:#0563C1; font-family:arial,sans-serif; mso-fareast-font-family:Arial\">www.compras.gov.br<\/span><\/a><span style=\"font-family:arial,sans-serif; mso-fareast-font-family:Arial\"> Abertura da Sess&atilde;o dia <strong>17\/03\/2026<\/strong>, &agrave;s <strong>09 horas<\/strong>. Local: <\/span><a href=\"http:\/\/www.compras.gov.br\"><span style=\"color:#0563C1; font-family:arial,sans-serif; mso-fareast-font-family:Arial\">www.compras.gov.br<\/span><\/a><span style=\"font-family:arial,sans-serif; mso-fareast-font-family:Arial\"><\/span><\/td>\r\n\t\t<\/tr>\r\n\t<\/tbody>\r\n<\/table>\r\n"},{"titulo":"PREG\u00c3O ELETRONICO N\u00ba 90015\/2026","dataAtualizacao":"2026-03-31 10:01:11","dataPostagem":"2026-03-17 09:00:00","dataRealizacao":"2026-03-04 08:00:00","numeroEdital":0,"numeroProcesso":362026,"modalidade":"Preg\u00e3o Eletr\u00f4nico","situacao":"Aberto","descricao":"<table border=\"1\" cellpadding=\"0\" cellspacing=\"0\" style=\"width:490.6pt;border-collapse:collapse;border:none;mso-border-alt:solid windowtext .5pt;\r\n mso-yfti-tbllook:1184;mso-padding-alt:0cm 5.4pt 0cm 5.4pt\" width=\"654\">\r\n\t<tbody>\r\n\t\t<tr style=\"mso-yfti-irow:0;mso-yfti-firstrow:yes;mso-yfti-lastrow:yes;\r\n  height:124.45pt\">\r\n\t\t\t<td style=\"width:490.6pt;border:solid windowtext 1.0pt;\r\n  mso-border-alt:solid windowtext .5pt;padding:0cm 5.4pt 0cm 5.4pt;height:124.45pt\" valign=\"top\" width=\"654\"><span style=\"font-family:arial,sans-serif; font-size:11.5pt; line-height:150%\">O Munic&iacute;pio de Carmo do Rio Claro\/MG torna p&uacute;blico o Aviso de Edital do <span style=\"mso-bidi-font-weight:bold\">Preg&atilde;o Eletr&ocirc;nico N&ordm; 90015\/2026, Crit&eacute;rio de Julgamento Menor Pre&ccedil;o<\/span>, para o &ldquo;<\/span><span style=\"font-family:arial,sans-serif; mso-fareast-font-family:&quot;Century Gothic&quot;\">Registro de Pre&ccedil;os para a futura e eventual aquisi&ccedil;&atilde;o de Cestas B&aacute;sicas Completas a serem distribu&iacute;das &agrave;s Fam&iacute;lias assistidas pela Secretaria de Assist&ecirc;ncia Social.<\/span><span style=\"font-family:arial,sans-serif; font-size:11.5pt; line-height:150%\">&rdquo;<strong>. <\/strong><\/span><span style=\"font-family:arial,sans-serif; mso-bidi-font-weight:bold\">O Edital est&aacute; &agrave; disposi&ccedil;&atilde;o na sede do Munic&iacute;pio: Rua Delfim Moreira, n&ordm; 62, Centro, Departamento de Licita&ccedil;&otilde;es e Contratos Administrativos, em dias &uacute;teis, das 08:00 &agrave;s 11:00 horas e das 13:00 &agrave;s 17:00 horas, e nos sites <u>www.carmodorioclaro.mg.gov.br,<\/u> <\/span><a href=\"http:\/\/www.compras.gov.br\"><span style=\"font-family:arial,sans-serif; mso-bidi-font-weight:bold\">www.compras.gov.br<\/span><\/a><span style=\"font-family:arial,sans-serif; mso-bidi-font-weight:bold\"> e Portal Nacional de Contrata&ccedil;&otilde;es P&uacute;blicas. Abertura da Sess&atilde;o dia <\/span><strong><span style=\"font-family:arial,sans-serif\">17\/03\/2026<\/span><\/strong><span style=\"font-family:arial,sans-serif; mso-bidi-font-weight:bold\">, &agrave;s <strong>09:00 horas<\/strong>. Local: <\/span><a href=\"http:\/\/www.compras.gov.br\"><span style=\"font-family:arial,sans-serif; mso-bidi-font-weight:bold\">www.compras.gov.br<\/span><\/a><span style=\"font-family:arial,sans-serif; font-size:12.0pt; line-height:150%\"><\/span><\/td>\r\n\t\t<\/tr>\r\n\t<\/tbody>\r\n<\/table>\r\n"},{"titulo":"Preg\u00e3o Eletr\u00f4nico 90011\/2026","dataAtualizacao":"2026-03-25 15:00:17","dataPostagem":"2026-03-16 09:00:00","dataRealizacao":"2026-03-03 16:00:00","numeroEdital":0,"numeroProcesso":30,"modalidade":"Preg\u00e3o Eletr\u00f4nico","situacao":"Retificado","descricao":"<table border=\"1\" cellpadding=\"0\" cellspacing=\"0\" style=\"border-collapse:collapse;mso-table-layout-alt:fixed;border:none;\r\n mso-border-alt:solid black .5pt;mso-yfti-tbllook:1024;mso-padding-alt:0cm 5.4pt 0cm 5.4pt;\r\n mso-border-insideh:.5pt solid black;mso-border-insidev:.5pt solid black\" width=\"654\">\r\n\t<tbody>\r\n\t\t<tr style=\"mso-yfti-irow:0;mso-yfti-firstrow:yes;mso-yfti-lastrow:yes;\r\n  height:124.45pt\">\r\n\t\t\t<td style=\"width:490.6pt;border:solid black 1.0pt;\r\n  mso-border-alt:solid black .5pt;padding:0cm 5.4pt 0cm 5.4pt;height:124.45pt\" valign=\"top\" width=\"654\"><span style=\"font-family:arial,sans-serif; mso-fareast-font-family:Arial\">O Munic&iacute;pio de Carmo do Rio Claro\/MG torna p&uacute;blica a retifica&ccedil;&atilde;o do edital do <strong>Preg&atilde;o Eletr&ocirc;nico 90011\/2026<\/strong>, Crit&eacute;rio de Julgamento Menor Pre&ccedil;o, para <em>&ldquo;Registro de Pre&ccedil;o para Futura e Eventual Aquisi&ccedil;&atilde;o de Luvas de Insemina&ccedil;&atilde;o e &lsquo;Bainha Francesa&rsquo; para Utiliza&ccedil;&atilde;o no Programa &lsquo;Mais Gen&eacute;tica&rsquo; do Munic&iacute;pio de Carmo do Rio Claro\/MG&rdquo;.<\/em><br \/>\r\n\t\t\t<br \/>\r\n\t\t\tO edital retificado est&aacute; &agrave; disposi&ccedil;&atilde;o na sede do Munic&iacute;pio: Rua Delfim Moreira, n&ordm; 62, Centro, Departamento de Licita&ccedil;&otilde;es e Contratos Administrativos, em dias &uacute;teis, de 08h. &agrave;s 11h. e de 12h30min. &agrave;s 17h., no Portal Nacional de Contrata&ccedil;&otilde;es P&uacute;blicas e nos sites <u>www.carmodorioclaro.mg.gov.br<\/u> e <\/span><a href=\"http:\/\/www.compras.gov.br\"><span style=\"color:#0563C1; font-family:arial,sans-serif; mso-fareast-font-family:Arial\">www.compras.gov.br<\/span><\/a><br \/>\r\n\t\t\t<br \/>\r\n\t\t\t<span style=\"font-family:arial,sans-serif; mso-fareast-font-family:Arial\">Abertura da Sess&atilde;o dia <strong>16\/03\/2026<\/strong>, &agrave;s <strong>09 horas.<\/strong> Local: <\/span><a href=\"http:\/\/www.compras.gov.br\"><span style=\"color:#0563C1; font-family:arial,sans-serif; mso-fareast-font-family:Arial\">www.compras.gov.br<\/span><\/a><span style=\"font-family:arial,sans-serif; mso-fareast-font-family:Arial\"><\/span><\/td>\r\n\t\t<\/tr>\r\n\t<\/tbody>\r\n<\/table>\r\n"},{"titulo":"Preg\u00e3o Eletr\u00f4nico 90013\/2026 - Aquisi\u00e7\u00e3o de Geomembrana","dataAtualizacao":"2026-03-23 15:32:14","dataPostagem":"2026-03-16 08:00:00","dataRealizacao":"2026-03-02 08:00:00","numeroEdital":90013,"numeroProcesso":32,"modalidade":"Preg\u00e3o Eletr\u00f4nico","situacao":"Aberto","descricao":"<table border=\"1\" cellpadding=\"0\" cellspacing=\"0\" style=\"width:432.1pt;border-collapse:collapse;border:none;mso-border-alt:solid windowtext .5pt;\r\n mso-yfti-tbllook:1184;mso-padding-alt:0cm 5.4pt 0cm 5.4pt\" width=\"576\">\r\n\t<tbody>\r\n\t\t<tr style=\"mso-yfti-irow:0;mso-yfti-firstrow:yes;mso-yfti-lastrow:yes;\r\n  height:175.75pt\">\r\n\t\t\t<td style=\"width:432.1pt;border:solid windowtext 1.0pt;\r\n  mso-border-alt:solid windowtext .5pt;padding:0cm 5.4pt 0cm 5.4pt;height:175.75pt\" valign=\"top\" width=\"576\"><strong><span style=\"font-family:arial,sans-serif\">PREG&Atilde;O ELETR&Ocirc;NICO 90013\/2026 &ndash; PROCESSO LICITAT&Oacute;RIO 032\/2026<\/span><\/strong><br \/>\r\n\t\t\t<span style=\"font-family:arial,sans-serif\">O Munic&iacute;pio de Carmo do Rio Claro\/MG torna p&uacute;blico o edital do Preg&atilde;o em ep&iacute;grafe, Tipo Menor Pre&ccedil;o, para &ldquo;Geomembrana lisa PEAD 2,00 mm largura 5,90 metros na cor preta, incluindo insumos, solda, m&atilde;o de obra para instala&ccedil;&atilde;o, equipamentos, m&aacute;quinas e outras despesas a cargo da contratada&rdquo;.<\/span><br \/>\r\n\t\t\t<span style=\"font-family:arial,sans-serif\">O Edital est&aacute; dispon&iacute;vel na sede do Munic&iacute;pio, Departamento de Licita&ccedil;&otilde;es e Contratos Administrativos, Rua Delfim Moreira, n&ordm; 62, Centro, em dias &uacute;teis, de 08h &agrave;s 11h e 12h30 &agrave;s 17h., Portal Nacional de Contrata&ccedil;&otilde;es P&uacute;blicas &ndash; PNCP e nos sites <\/span><a href=\"http:\/\/www.carmodorioclaro.mg.gov.br\"><span style=\"font-family:arial,sans-serif\">www.carmodorioclaro.mg.gov.br<\/span><\/a><span style=\"font-family:arial,sans-serif\"> e <\/span><a href=\"http:\/\/www.compras.gov.br\"><span style=\"font-family:arial,sans-serif\">www.compras.gov.br<\/span><\/a><span style=\"font-family:arial,sans-serif\"> <span style=\"mso-bidi-font-weight:bold\">Abertura da Sess&atilde;o dia <strong>16\/03\/2026<\/strong> &agrave;s <strong>08:00 horas.<\/strong> Local: <\/span><\/span><a href=\"http:\/\/www.compras.gov.br\"><span style=\"font-family:arial,sans-serif; mso-bidi-font-weight:bold\">www.compras.gov.br<\/span><\/a><span style=\"font-family:arial,sans-serif\">.<\/span><\/td>\r\n\t\t<\/tr>\r\n\t<\/tbody>\r\n<\/table>\r\n"},{"titulo":"PREG\u00c3O ELETRONICO N\u00ba 90009\/2026","dataAtualizacao":"2026-04-16 09:54:27","dataPostagem":"2026-03-04 09:00:00","dataRealizacao":"2026-02-20 08:00:00","numeroEdital":0,"numeroProcesso":16,"modalidade":"Preg\u00e3o Eletr\u00f4nico","situacao":"Aberto","descricao":"<table border=\"1\" cellpadding=\"0\" cellspacing=\"0\" style=\"width:490.6pt;border-collapse:collapse;border:none;mso-border-alt:solid windowtext .5pt;\r\n mso-yfti-tbllook:1184;mso-padding-alt:0cm 5.4pt 0cm 5.4pt\" width=\"654\">\r\n\t<tbody>\r\n\t\t<tr style=\"mso-yfti-irow:0;mso-yfti-firstrow:yes;mso-yfti-lastrow:yes;\r\n  height:124.45pt\">\r\n\t\t\t<td style=\"width:490.6pt;border:solid windowtext 1.0pt;\r\n  mso-border-alt:solid windowtext .5pt;padding:0cm 5.4pt 0cm 5.4pt;height:124.45pt\" valign=\"top\" width=\"654\"><span style=\"font-family:arial,sans-serif; font-size:11.5pt; line-height:150%\">O Munic&iacute;pio de Carmo do Rio Claro\/MG torna p&uacute;blico o Aviso de Edital do <span style=\"mso-bidi-font-weight:bold\">Preg&atilde;o Eletr&ocirc;nico N&ordm; 90009\/2026, Crit&eacute;rio de Julgamento Menor Pre&ccedil;o<\/span>, para o &ldquo;<\/span><span style=\"font-family:arial,sans-serif; mso-fareast-font-family:&quot;Century Gothic&quot;\">Registro de Pre&ccedil;os para a futura e eventual aquisi&ccedil;&atilde;o de Bombons, Barras e Ovos de Chocolate para suprir a demanda das Secretarias de Educa&ccedil;&atilde;o e Assist&ecirc;ncia Social.<\/span><span style=\"font-family:arial,sans-serif; font-size:11.5pt; line-height:150%\">&rdquo;<strong>. <\/strong><\/span><span style=\"font-family:arial,sans-serif; mso-bidi-font-weight:bold\">O Edital est&aacute; &agrave; disposi&ccedil;&atilde;o na sede do Munic&iacute;pio: Rua Delfim Moreira, n&ordm; 62, Centro, Departamento de Licita&ccedil;&otilde;es e Contratos Administrativos, em dias &uacute;teis, das 08:00 &agrave;s 11:00 horas e das 13:00 &agrave;s 17:00 horas, e nos sites <u>www.carmodorioclaro.mg.gov.br,<\/u> <\/span><a href=\"http:\/\/www.compras.gov.br\"><span style=\"font-family:arial,sans-serif; mso-bidi-font-weight:bold\">www.compras.gov.br<\/span><\/a><span style=\"font-family:arial,sans-serif; mso-bidi-font-weight:bold\"> e Portal Nacional de Contrata&ccedil;&otilde;es P&uacute;blicas. Abertura da Sess&atilde;o dia <\/span><strong><span style=\"font-family:arial,sans-serif\">04\/03\/2026<\/span><\/strong><span style=\"font-family:arial,sans-serif; mso-bidi-font-weight:bold\">, &agrave;s <strong>09:00 horas<\/strong>. Local: <\/span><a href=\"http:\/\/www.compras.gov.br\"><span style=\"font-family:arial,sans-serif; mso-bidi-font-weight:bold\">www.compras.gov.br<\/span><\/a><span style=\"font-family:arial,sans-serif; font-size:12.0pt; line-height:150%\"><\/span><\/td>\r\n\t\t<\/tr>\r\n\t<\/tbody>\r\n<\/table>\r\n"},{"titulo":"Preg\u00e3o Eletr\u00f4nico 90010\/2026","dataAtualizacao":"2026-04-02 16:46:30","dataPostagem":"2026-03-02 09:00:00","dataRealizacao":"2026-02-12 09:00:00","numeroEdital":0,"numeroProcesso":24,"modalidade":"Preg\u00e3o Eletr\u00f4nico","situacao":"Aberto","descricao":"<table border=\"1\" cellpadding=\"0\" cellspacing=\"0\" style=\"border-collapse:collapse;mso-table-layout-alt:fixed;border:none;\r\n mso-border-alt:solid black .5pt;mso-yfti-tbllook:1024;mso-padding-alt:0cm 5.4pt 0cm 5.4pt;\r\n mso-border-insideh:.5pt solid black;mso-border-insidev:.5pt solid black\" width=\"654\">\r\n\t<tbody>\r\n\t\t<tr style=\"mso-yfti-irow:0;mso-yfti-firstrow:yes;mso-yfti-lastrow:yes;\r\n  height:124.45pt\">\r\n\t\t\t<td style=\"width:490.6pt;border:solid black 1.0pt;\r\n  mso-border-alt:solid black .5pt;padding:0cm 5.4pt 0cm 5.4pt;height:124.45pt\" valign=\"top\" width=\"654\"><span style=\"font-family:arial,sans-serif; mso-fareast-font-family:Arial\">O Munic&iacute;pio de Carmo do Rio Claro\/MG torna p&uacute;blico o edital do <strong>Preg&atilde;o Eletr&ocirc;nico 90010\/2026<\/strong>, Crit&eacute;rio de Julgamento Menor Pre&ccedil;o, para:<br \/>\r\n\t\t\t<br \/>\r\n\t\t\t<em>&ldquo;Aquisi&ccedil;&atilde;o de Kits para Monitoriza&ccedil;&atilde;o de Sinais Vitais Destinados ao Acompanhamento Domiciliar, pelos Agentes Comunit&aacute;rios de Sa&uacute;de (ACS), dos Pacientes Atendidos Pela Secretaria Municipal de Sa&uacute;de do Munic&iacute;pio&quot;<\/em>.<br \/>\r\n\t\t\t<br \/>\r\n\t\t\tO edital est&aacute; &agrave; disposi&ccedil;&atilde;o na sede do Munic&iacute;pio: Rua Delfim Moreira, n&ordm; 62, Centro, Departamento de Licita&ccedil;&otilde;es e Contratos Administrativos, em dias &uacute;teis, de 08h. &agrave;s 11h. e de 12h30min. &agrave;s 17h., no Portal Nacional de Contrata&ccedil;&otilde;es P&uacute;blicas e nos sites <u>www.carmodorioclaro.mg.gov.br<\/u> e <\/span><a href=\"http:\/\/www.compras.gov.br\"><span style=\"color:#0563C1; font-family:arial,sans-serif; mso-fareast-font-family:Arial\">www.compras.gov.br<\/span><\/a><span style=\"font-family:arial,sans-serif; mso-fareast-font-family:Arial\"><br \/>\r\n\t\t\t<br \/>\r\n\t\t\tAbertura da Sess&atilde;o dia <strong>02\/03\/2026<\/strong>, &agrave;s <strong>09 horas<\/strong>.<br \/>\r\n\t\t\t<br \/>\r\n\t\t\tLocal: <\/span><a href=\"http:\/\/www.compras.gov.br\"><span style=\"color:#0563C1; font-family:arial,sans-serif; mso-fareast-font-family:Arial\">www.compras.gov.br<\/span><\/a><span style=\"font-family:arial,sans-serif; mso-fareast-font-family:Arial\"><\/span><\/td>\r\n\t\t<\/tr>\r\n\t<\/tbody>\r\n<\/table>\r\n"},{"titulo":"Dispensa Eletr\u00f4nica 900013\/2026 - Servi\u00e7o de outorga de po\u00e7os artesianos","dataAtualizacao":"2026-03-16 11:59:27","dataPostagem":"2026-03-02 08:00:00","dataRealizacao":"2026-02-25 08:00:00","numeroEdital":90013,"numeroProcesso":29,"modalidade":"Dispensa de Licita\u00e7\u00e3o","situacao":"Aberto","descricao":"<table border=\"1\" cellpadding=\"0\" cellspacing=\"0\" style=\"width:432.1pt;border-collapse:collapse;border:none;mso-border-alt:solid windowtext .5pt;\r\n mso-yfti-tbllook:1184;mso-padding-alt:0cm 5.4pt 0cm 5.4pt\" width=\"576\">\r\n\t<tbody>\r\n\t\t<tr style=\"mso-yfti-irow:0;mso-yfti-firstrow:yes;mso-yfti-lastrow:yes;\r\n  height:175.75pt\">\r\n\t\t\t<td style=\"width:432.1pt;border:solid windowtext 1.0pt;\r\n  mso-border-alt:solid windowtext .5pt;padding:0cm 5.4pt 0cm 5.4pt;height:175.75pt\" valign=\"top\" width=\"576\"><strong><span style=\"font-family:arial,sans-serif\">DISPENSA ELETR&Ocirc;NICA 90013\/2026 &ndash; PROCESSO LICITAT&Oacute;RIO 029\/2026<\/span><\/strong><br \/>\r\n\t\t\t<span style=\"font-family:arial,sans-serif\">O Munic&iacute;pio de Carmo do Rio Claro\/MG torna p&uacute;blico o edital Da Dispensa Eletr&ocirc;nica em ep&iacute;grafe, Tipo Menor Pre&ccedil;o, para &ldquo;CONTRATA&Ccedil;&Atilde;O DE EMPRESA ESPECIALIZADA PARA A ELABORA&Ccedil;&Atilde;O E OBTEN&Ccedil;&Atilde; DE OUTORGA DE DIREITO DE USO DE RECURSO H&Iacute;DRICOS PARA 3 (TR&Ecirc;S) PO&Ccedil;OS ARTESIANOS TUBULARES, SENDO 2 (DOIS) LOCALIZADOS NO DISTRITO DE VILEL&Acirc;NDIA (TR&Ecirc;S BARRAS) E 1 (UM) LOCALIZADO NA PRA&Ccedil;A DE ESPORTES. OS SERVI&Ccedil;OS DEVER&Atilde;O SER EXECUTADOS CONFORME AS INSTRU&Ccedil;&Otilde;ES PARA ELABORA&Ccedil;&Atilde;O DE PROCESSO DE OUTROGA DE PO&Ccedil;OS TUBULARES DO IGAM&rdquo;.<\/span><br \/>\r\n\t\t\t<span style=\"font-family:arial,sans-serif\">O Edital est&aacute; dispon&iacute;vel na sede do Munic&iacute;pio, Departamento de Licita&ccedil;&otilde;es e Contratos Administrativos, Rua Delfim Moreira, n&ordm; 62, Centro, em dias &uacute;teis, de 08h &agrave;s 11h e 12h30 &agrave;s 17h., Portal Nacional de Contrata&ccedil;&otilde;es P&uacute;blicas &ndash; PNCP e nos sites www.carmodorioclaro.mg.gov.br e <a href=\"http:\/\/www.compras.gov.br\">www.compras.gov.br<\/a> a partir do dia 25\/02\/2026 at&eacute; 02\/03\/2026. Abertura da Sess&atilde;o dia <strong>02\/03\/2026 das 08:00 &agrave;s 14:00 horas<\/strong>. Local: www.compras.gov.br.<\/span><\/td>\r\n\t\t<\/tr>\r\n\t<\/tbody>\r\n<\/table>\r\n"},{"titulo":"Dispensa 90015\/2026 - Aquisi\u00e7\u00e3o Emergencial de F\u00f3rmulas Infantis","dataAtualizacao":"2026-02-27 16:47:11","dataPostagem":"2026-02-27 16:45:00","dataRealizacao":"2026-02-27 16:45:00","numeroEdital":90015,"numeroProcesso":35,"modalidade":"Dispensa de Licita\u00e7\u00e3o","situacao":"Aberto","descricao":"<div style=\"mso-element:para-border-div;border:solid windowtext 1.0pt;\r\nmso-border-alt:solid windowtext .5pt;padding:1.0pt 4.0pt 1.0pt 4.0pt\"><strong><span style=\"font-family:arial,sans-serif; font-size:8.0pt; line-height:120%\">&nbsp;<\/span><\/strong><br \/>\r\n<strong><span style=\"font-family:arial,sans-serif; font-size:8.0pt; line-height:120%\">Contratada:<\/span><\/strong><br \/>\r\n<strong><span style=\"font-family:arial,sans-serif; font-size:8.0pt; line-height:120%\">BD DISTRIBUIDORA DE MEDICAMENTOS E MATERIAIS HOSPITALARES LTDA &ndash; CNPJ: 19.349.009\/0002-11<\/span><\/strong><br \/>\r\n<strong><span style=\"font-family:arial,sans-serif; font-size:8.0pt; line-height:120%\">&nbsp;<\/span><\/strong><br \/>\r\n<strong><span style=\"font-family:arial,sans-serif; font-size:8.0pt; line-height:120%\">Valor total: <\/span><\/strong><span style=\"font-family:arial,sans-serif; font-size:8.0pt; line-height:120%\">R$ 29.887,70 (Vinte e nove mil, oitocentos e oitenta e sete reais)<\/span><br \/>\r\n<strong><span style=\"font-family:arial,sans-serif; font-size:8.0pt; line-height:120%\">&nbsp;<\/span><\/strong><br \/>\r\n<strong><span style=\"font-family:arial,sans-serif; font-size:8.0pt; line-height:120%\">Objeto:<\/span><\/strong><span style=\"font-family:arial,sans-serif; font-size:8.0pt; line-height:120%\"> Aquisi&ccedil;&atilde;o em car&aacute;ter emergencial de f&oacute;rmulas infantis, visando ao atendimento das necessidades nutricionais de crian&ccedil;as, em raz&atilde;o do desabastecimento do estoque decorrente do n&atilde;o cumprimento do prazo de entrega pela empresa detentora da Ata de Registro de Pre&ccedil;os vigente e pedido de dila&ccedil;&atilde;o de prazo feita<\/span><br \/>\r\n<strong><span style=\"font-family:arial,sans-serif; font-size:8.0pt; line-height:120%\">&nbsp;<\/span><\/strong><br \/>\r\n<strong><span style=\"font-family:arial,sans-serif; font-size:8.0pt; line-height:120%\">Fundamenta&ccedil;&atilde;o Legal:<\/span><\/strong><span style=\"font-family:arial,sans-serif; font-size:8.0pt; line-height:120%\"> Art. 75, VIII da Lei 14.133 de 01&ordm; de abril de 2021.<\/span><br \/>\r\n<span style=\"font-family:arial,sans-serif; font-size:8.0pt; line-height:120%\">&nbsp;<\/span><\/div>\r\n"},{"titulo":"Dispensa 90011\/2026 - Aquisi\u00e7\u00e3o emergencial de telhas para escola Maria Goulart","dataAtualizacao":"2026-02-23 15:56:19","dataPostagem":"2026-02-23 15:00:00","dataRealizacao":"2026-02-23 15:00:00","numeroEdital":90011,"numeroProcesso":27,"modalidade":"Dispensa de Licita\u00e7\u00e3o","situacao":"Aberto","descricao":"<div><span style=\"font-family:arial,sans-serif; font-size:9.0pt; line-height:120%\"><span style=\"mso-spacerun:yes\">&nbsp;<\/span>AUTORIZA&Ccedil;&Atilde;O DE CONTRATA&Ccedil;&Atilde;O DIRETA<\/span><br \/>\r\n<span style=\"font-family:arial,sans-serif; font-size:9.0pt; line-height:120%\">DISPENSA DE LICITA&Ccedil;&Atilde;O &ndash; N&ordm; 90011\/2026<\/span><br \/>\r\n<span style=\"font-family:arial,sans-serif; font-size:9.0pt; line-height:120%\">PROCESSO N&ordm; 027\/2026<\/span><br \/>\r\n<span style=\"font-family:arial,sans-serif; font-size:3.0pt; line-height:120%; mso-bidi-font-size:9.0pt\">&nbsp;<\/span><br \/>\r\n<span style=\"font-size:9.0pt; line-height:150%\">&nbsp;<\/span><br \/>\r\n<span style=\"font-size:9.0pt; line-height:150%\">Ap&oacute;s constatada a regularidade dos atos procedimentais, a<span style=\"mso-spacerun:yes\">&nbsp; <\/span>Secret&aacute;ria Municipal de Educa&ccedil;&atilde;o Senhora Lenise Maria de Souza, no uso das atribui&ccedil;&otilde;es que lhe s&atilde;o conferidas pela legisla&ccedil;&atilde;o em vigor, em especial pelo Decreto n&ordm; 5.651\/23 e pelo disposto no artigo 72, VIII da Lei 14.133\/2021, AUTORIZA a Contrata&ccedil;&atilde;o Direta, atrav&eacute;s de Dispensa de Licita&ccedil;&atilde;o, fundamentada no Art. 75, VIII da Lei 14.133\/2021, vez que o processo foi instru&iacute;do com os documentos e requisitos que comprovam que o contratado possui habilita&ccedil;&atilde;o e qualifica&ccedil;&atilde;o m&iacute;nima para celebrar o contrato, e a instru&ccedil;&atilde;o do processo obedeceu &agrave;s exig&ecirc;ncias do art. 72 da referida Lei e ADJUDICA E HOMOLOGA o processo de Contrata&ccedil;&atilde;o Direta nos seguintes Termos<\/span><span style=\"font-size:10.5pt; line-height:150%\">:<\/span><br \/>\r\n<span style=\"font-size:10.5pt; line-height:150%\">&nbsp;<\/span>\r\n\r\n<div style=\"mso-element:para-border-div;border:solid windowtext 1.0pt;\r\nmso-border-alt:solid windowtext .5pt;padding:1.0pt 4.0pt 1.0pt 4.0pt\"><strong><span style=\"font-family:arial,sans-serif; font-size:8.0pt; line-height:120%\">&nbsp;<\/span><\/strong><br \/>\r\n<strong><span style=\"font-family:arial,sans-serif; font-size:8.0pt; line-height:120%\">Contratada:<\/span><\/strong><br \/>\r\n<strong><span style=\"font-family:arial,sans-serif; font-size:8.0pt; line-height:120%\">CN MATERIAIS PARA CONSTRUCAO LTDA &ndash; CNPJ n&ordm; 07.459.023\/0001-08<\/span><\/strong><br \/>\r\n<strong><span style=\"font-family:arial,sans-serif; font-size:8.0pt; line-height:120%\">Valor total: <\/span><\/strong><span style=\"font-family:arial,sans-serif; font-size:8.0pt; line-height:120%\">R$ 3.870,00 (Tr&ecirc;s mil, oitocentos e setenta reais)<\/span><br \/>\r\n<span style=\"font-family:arial,sans-serif; font-size:8.0pt; line-height:120%\">&nbsp;<\/span><br \/>\r\n<strong><span style=\"font-family:arial,sans-serif; font-size:8.0pt; line-height:120%\">MANSUR &amp; MANSUR COMERCIO DE FERRO E ACO LTDA &ndash; CNPJ n&ordm; 05.679.895\/0001-56<\/span><\/strong><br \/>\r\n<strong><span style=\"font-family:arial,sans-serif; font-size:8.0pt; line-height:120%\">Valor total: <\/span><\/strong><span style=\"font-family:arial,sans-serif; font-size:8.0pt; line-height:120%\">R$ 3.150,00 (Tr&ecirc;s mil, cento e cinquenta reais)<\/span><br \/>\r\n<strong><span style=\"font-family:arial,sans-serif; font-size:8.0pt; line-height:120%\">&nbsp;<\/span><\/strong><br \/>\r\n<strong><span style=\"font-family:arial,sans-serif; font-size:8.0pt; line-height:120%\">&nbsp;<\/span><\/strong><br \/>\r\n<strong><span style=\"font-family:arial,sans-serif; font-size:8.0pt; line-height:120%\">Objeto:<\/span><\/strong><span style=\"font-family:arial,sans-serif; font-size:8.0pt; line-height:120%\"> AQUISI&Ccedil;&Atilde;O EMERGENCIAL DE TELHAS PARA MANUTEN&Ccedil;&Atilde;O DO TELHADO DA ESCOLA MUNICIPAL MARIA GOULART<\/span><br \/>\r\n<strong><span style=\"font-family:arial,sans-serif; font-size:8.0pt; line-height:120%\">&nbsp;<\/span><\/strong><br \/>\r\n<strong><span style=\"font-family:arial,sans-serif; font-size:8.0pt; line-height:120%\">Fundamenta&ccedil;&atilde;o Legal:<\/span><\/strong><span style=\"font-family:arial,sans-serif; font-size:8.0pt; line-height:120%\"> Art. 75, VIII da Lei 14.133 de 01&ordm; de abril de 2021.<\/span><br \/>\r\n<span style=\"font-family:arial,sans-serif; font-size:8.0pt; line-height:120%\">&nbsp;<\/span><\/div>\r\n<span style=\"font-family:arial,sans-serif; font-size:10.0pt; line-height:120%\">&nbsp;<\/span><br \/>\r\n<span style=\"font-family:arial,sans-serif; font-size:10.0pt; line-height:120%\">Publique-se!<\/span><br \/>\r\n<span style=\"font-family:arial,sans-serif; font-size:10.0pt; line-height:120%\">&nbsp;<\/span><br \/>\r\n<span style=\"font-family:arial,sans-serif; font-size:10.0pt; line-height:120%\">&nbsp;<\/span><br \/>\r\n<span style=\"font-family:arial,sans-serif; font-size:10.0pt; line-height:120%\">Carmo do Rio Claro\/MG, 23 de fevereiro de 2026.<\/span><br \/>\r\n<span style=\"font-family:arial,sans-serif; font-size:10.0pt; line-height:120%\">&nbsp;<\/span><br \/>\r\n<span style=\"font-family:arial,sans-serif; font-size:10.0pt; line-height:120%\">&nbsp;<\/span><br \/>\r\n<span style=\"font-family:arial,sans-serif; font-size:10.0pt; line-height:120%\">&nbsp;<\/span><br \/>\r\n<span style=\"font-family:arial,sans-serif; font-size:10.0pt; line-height:120%\">LENISE MARIA DE SOUZA<\/span><br \/>\r\n<span style=\"font-family:arial,sans-serif; font-size:10.0pt; line-height:120%\">Secret&aacute;ria Municipal de Educa&ccedil;&atilde;o<\/span><span style=\"font-family:arial,sans-serif; font-size:11.0pt; line-height:120%\"><\/span><br \/>\r\n<span style=\"font-family:arial,sans-serif; font-size:11.0pt; line-height:120%\">&nbsp;<\/span><br \/>\r\n<span style=\"font-family:arial,sans-serif; font-size:11.0pt; line-height:120%\">&nbsp;<\/span><\/div>\r\n<span style=\"font-family:arial,sans-serif; font-size:11.0pt; line-height:120%; mso-ansi-language:PT-BR; mso-bidi-language:AR-SA; mso-fareast-font-family:&quot;Times New Roman&quot;; mso-fareast-language:PT-BR\"><\/span><br \/>\r\n<span style=\"font-size:10.0pt\">&nbsp;<\/span><br \/>\r\n<span style=\"font-family:arial,sans-serif; font-size:7.0pt; mso-bidi-font-size:8.0pt\">&nbsp;<\/span>\r\n\r\n<div style=\"mso-element:para-border-div;border:solid windowtext 1.0pt;\r\nmso-border-alt:solid windowtext .5pt;padding:1.0pt 4.0pt 1.0pt 4.0pt;\r\nmargin-left:262.25pt;margin-right:35.45pt\"><strong><span style=\"font-family:tahoma,sans-serif; font-size:8.0pt; mso-bidi-font-size:11.0pt; mso-fareast-font-family:Calibri; mso-fareast-language:EN-US\">MUNIC&Iacute;PIO DE CARMO DO RIO CLARO<\/span><\/strong><br \/>\r\n<strong><span style=\"font-family:tahoma,sans-serif; font-size:7.5pt; mso-fareast-font-family:Calibri; mso-fareast-language:EN-US\">______ESTADO DE MINAS GERAIS______<\/span><\/strong><br \/>\r\n<em><span style=\"font-family:tahoma,sans-serif; font-size:6.0pt; mso-bidi-font-size:8.0pt; mso-fareast-font-family:Calibri; mso-fareast-language:EN-US\">&nbsp;<\/span><\/em><br \/>\r\n<em><span style=\"font-family:tahoma,sans-serif; font-size:7.0pt; mso-bidi-font-size:8.0pt; mso-fareast-font-family:Calibri; mso-fareast-language:EN-US\">CERTIFICO QUE O PRESENTE ATO FOI PUBLICADO, CONFORME LEI MUNICIPAL N&ordm; 2.144\/2010, NESTA DATA, NA IMPRENSA OFICIAL DO MUNIC&Iacute;PIO, ATRAV&Eacute;S DO SITE DA PREFEITURA (www.carmodorioclaro.mg.gov.br) E DO MURAL LOCALIZADO NO &Aacute;TRIO DO PA&Ccedil;O MUNICIPAL. Carmo do Rio Claro\/MG, <span style=\"mso-spacerun:yes\">&nbsp;&nbsp;&nbsp;&nbsp;<\/span>23\/02\/2026.<\/span><\/em><br \/>\r\n<span style=\"font-family:tahoma,sans-serif; font-size:7.0pt; mso-bidi-font-size:10.0pt; mso-fareast-font-family:Calibri; mso-fareast-language:EN-US\">&nbsp;<\/span><br \/>\r\n<span style=\"font-family:tahoma,sans-serif; font-size:7.0pt; mso-bidi-font-size:10.0pt; mso-fareast-font-family:Calibri; mso-fareast-language:EN-US\">___________________________________<\/span><br \/>\r\n<span style=\"font-family:tahoma,sans-serif; font-size:7.0pt; mso-bidi-font-size:10.0pt; mso-fareast-font-family:Calibri; mso-fareast-language:EN-US\">Evair Donizete Silva Pereira &ndash; Secret&aacute;rio de Governo<\/span><\/div>\r\n"},{"titulo":"Preg\u00e3o Eletr\u00f4nico 90008\/2026","dataAtualizacao":"2026-03-02 14:16:13","dataPostagem":"2026-02-19 09:00:00","dataRealizacao":"2026-02-03 09:00:00","numeroEdital":0,"numeroProcesso":14,"modalidade":"Preg\u00e3o Eletr\u00f4nico","situacao":"Em Andamento","descricao":"<table border=\"1\" cellpadding=\"0\" cellspacing=\"0\" style=\"border-collapse:collapse;mso-table-layout-alt:fixed;border:none;\r\n mso-border-alt:solid black .5pt;mso-yfti-tbllook:1024;mso-padding-alt:0cm 5.4pt 0cm 5.4pt;\r\n mso-border-insideh:.5pt solid black;mso-border-insidev:.5pt solid black\" width=\"654\">\r\n\t<tbody>\r\n\t\t<tr style=\"mso-yfti-irow:0;mso-yfti-firstrow:yes;mso-yfti-lastrow:yes;\r\n  height:124.45pt\">\r\n\t\t\t<td style=\"width:490.6pt;border:solid black 1.0pt;\r\n  mso-border-alt:solid black .5pt;padding:0cm 5.4pt 0cm 5.4pt;height:124.45pt\" valign=\"top\" width=\"654\"><span style=\"font-family:arial,sans-serif; mso-fareast-font-family:Arial\">O Munic&iacute;pio de Carmo do Rio Claro\/MG torna p&uacute;blico o edital do Preg&atilde;o Eletr&ocirc;nico 90008\/2026, Crit&eacute;rio de Julgamento Menor Pre&ccedil;o, para &ldquo;Registro de Pre&ccedil;os para Futura e Eventual Fornecimento de Nitrog&ecirc;nio L&iacute;quido em Litros, para Reabastecimento de Botij&atilde;o Criog&ecirc;nico de Armazenamento de S&ecirc;men Bovino&rdquo;. O edital est&aacute; &agrave; disposi&ccedil;&atilde;o na sede do Munic&iacute;pio: Rua Delfim Moreira, n&ordm; 62, Centro, Departamento de Licita&ccedil;&otilde;es e Contratos Administrativos, em dias &uacute;teis, de 08h. &agrave;s 11h. e de 12h30min. &agrave;s 17h., no Portal Nacional de Contrata&ccedil;&otilde;es P&uacute;blicas e nos sites <u>www.carmodorioclaro.mg.gov.br<\/u> e <\/span><a href=\"http:\/\/www.compras.gov.br\"><span style=\"color:#0563C1; font-family:arial,sans-serif; mso-fareast-font-family:Arial\">www.compras.gov.br<\/span><\/a><span style=\"font-family:arial,sans-serif; mso-fareast-font-family:Arial\"> Abertura da Sess&atilde;o dia <strong>19\/02\/2026<\/strong>, &agrave;s <strong>09 horas<\/strong>. Local: <\/span><a href=\"http:\/\/www.compras.gov.br\"><span style=\"color:#0563C1; font-family:arial,sans-serif; mso-fareast-font-family:Arial\">www.compras.gov.br<\/span><\/a><span style=\"font-family:arial,sans-serif; mso-fareast-font-family:Arial\"><\/span><\/td>\r\n\t\t<\/tr>\r\n\t<\/tbody>\r\n<\/table>\r\n"},{"titulo":"Concorr\u00eancia Eletr\u00f4nica 90008\/2025 - Obra remanescente em trecho de 500m na Estrada Boiadeira","dataAtualizacao":"2026-02-25 15:28:02","dataPostagem":"2026-02-19 08:00:00","dataRealizacao":"2026-01-09 08:00:00","numeroEdital":90008,"numeroProcesso":242,"modalidade":"Concorr\u00eancia Eletr\u00f4nica","situacao":"Aberto","descricao":"<table border=\"1\" cellpadding=\"0\" cellspacing=\"0\" style=\"width:432.1pt;border-collapse:collapse;border:none;mso-border-alt:solid windowtext .5pt;\r\n mso-yfti-tbllook:1184;mso-padding-alt:0cm 5.4pt 0cm 5.4pt\" width=\"576\">\r\n\t<tbody>\r\n\t\t<tr style=\"mso-yfti-irow:0;mso-yfti-firstrow:yes;mso-yfti-lastrow:yes;\r\n  height:175.75pt\">\r\n\t\t\t<td style=\"width:432.1pt;border:solid windowtext 1.0pt;\r\n  mso-border-alt:solid windowtext .5pt;padding:0cm 5.4pt 0cm 5.4pt;height:175.75pt\" valign=\"top\" width=\"576\"><strong><span style=\"font-family:arial,sans-serif\">CONCORR&Ecirc;NCIA ELETR&Ocirc;NICA 90008\/2025 &ndash; PROCESSO LICITAT&Oacute;RIO 242\/2025<\/span><\/strong><br \/>\r\n\t\t\t<span style=\"font-family:arial,sans-serif\">O Munic&iacute;pio de Carmo do Rio Claro\/MG torna p&uacute;blico o edital da Concorr&ecirc;ncia em ep&iacute;grafe, Tipo Menor Pre&ccedil;o, para &ldquo;<\/span><span style=\"color:#5B5B5F; font-family:arial,sans-serif; font-size:14.0pt; line-height:150%\">Contrata&ccedil;&atilde;o de empresa especializada na execu&ccedil;&atilde;o de obra remanescente em trecho de 500m na Estrada Boiadeira compreendendo cal&ccedil;amento e sinaliza&ccedil;&atilde;o vi&aacute;ria<\/span><span style=\"font-family:arial,sans-serif\">&rdquo;.<\/span><br \/>\r\n\t\t\t<span style=\"font-family:arial,sans-serif\">O Edital est&aacute; dispon&iacute;vel na sede do Munic&iacute;pio, Departamento de Licita&ccedil;&otilde;es e Contratos Administrativos, Rua Delfim Moreira, n&ordm; 62, Centro, em dias &uacute;teis, de 08h &agrave;s 11h e 12h30 &agrave;s 17h., Portal Nacional de Contrata&ccedil;&otilde;es P&uacute;blicas &ndash; PNCP e nos sites <\/span><a href=\"http:\/\/www.carmodorioclaro.mg.gov.br\"><span style=\"font-family:arial,sans-serif\">www.carmodorioclaro.mg.gov.br<\/span><\/a><span style=\"font-family:arial,sans-serif\"> e <\/span><a href=\"http:\/\/www.compras.gov.br\"><span style=\"font-family:arial,sans-serif\">www.compras.gov.br<\/span><\/a><span style=\"font-family:arial,sans-serif\"> <span style=\"mso-bidi-font-weight:bold\">Abertura da Sess&atilde;o dia <\/span><strong>19<span style=\"mso-bidi-font-weight:bold\">\/02\/2026<\/span><\/strong><span style=\"mso-bidi-font-weight:bold\"> &agrave;s <strong>08 horas.<\/strong> Local: <\/span><\/span><a href=\"http:\/\/www.compras.gov.br\"><span style=\"font-family:arial,sans-serif; mso-bidi-font-weight:bold\">www.compras.gov.br<\/span><\/a><span style=\"font-family:arial,sans-serif\">.<\/span><\/td>\r\n\t\t<\/tr>\r\n\t<\/tbody>\r\n<\/table>\r\n"},{"titulo":"Dispensa 90003\/26 - Aquisi\u00e7\u00e3o de Lages t\u00famulo","dataAtualizacao":"2026-02-05 14:42:55","dataPostagem":"2026-02-05 14:40:00","dataRealizacao":"2026-02-05 14:40:00","numeroEdital":0,"numeroProcesso":17,"modalidade":"Dispensa de Licita\u00e7\u00e3o","situacao":"Aberto","descricao":"&nbsp;AUTORIZA&Ccedil;&Atilde;O DE CONTRATA&Ccedil;&Atilde;O DIRETA<br \/>\r\nDISPENSA DE LICITA&Ccedil;&Atilde;O &ndash; N&ordm; 90003\/2026<br \/>\r\nPROCESSO N&ordm; 017\/2026<br \/>\r\n&nbsp;<br \/>\r\n&nbsp;<br \/>\r\nAp&oacute;s constatada a regularidade dos atos procedimentais, a&nbsp; Secret&aacute;rio Municipal de Obras e Servi&ccedil;os P&uacute;blicos Senhor Thiago Ferreira C&acirc;ndido, no uso das atribui&ccedil;&otilde;es que lhe s&atilde;o conferidas pela legisla&ccedil;&atilde;o em vigor, em especial pelo Decreto n&ordm; 5.651\/23 e pelo disposto no artigo 72, VIII da Lei 14.133\/2021, AUTORIZA a Contrata&ccedil;&atilde;o Direta, atrav&eacute;s de Dispensa de Licita&ccedil;&atilde;o, fundamentada no Art. 75, II da Lei 14.133\/2021, vez que o processo foi instru&iacute;do com os documentos e requisitos que comprovam que o contratado possui habilita&ccedil;&atilde;o e qualifica&ccedil;&atilde;o m&iacute;nima para celebrar o contrato, e a instru&ccedil;&atilde;o do processo obedeceu &agrave;s exig&ecirc;ncias do art. 72 da referida Lei e ADJUDICA E HOMOLOGA o processo de Contrata&ccedil;&atilde;o Direta nos seguintes Termos:<br \/>\r\n&nbsp;\r\n<div>&nbsp;<br \/>\r\n<strong>Contratada:<\/strong><br \/>\r\n<strong>HENRIQUE CARVALHO VILELA &ndash; CNPJ: 36.852.899\/0001-18<\/strong><br \/>\r\n&nbsp;<br \/>\r\n<strong>Valor total: <\/strong>R$ 20.000,00 (Vinte mil reais)<br \/>\r\n&nbsp;<br \/>\r\n<strong>Objeto:<\/strong> Aquisi&ccedil;&atilde;o de lajes para caixa de t&uacute;mulos a serem utilizadas na constru&ccedil;&atilde;o de novas sepulturas, considerando a amplia&ccedil;&atilde;o do cemit&eacute;rio municipal e a necessidade de se ter jazigos dispon&iacute;veis a popula&ccedil;&atilde;o<br \/>\r\n&nbsp;<br \/>\r\n<strong>Fundamenta&ccedil;&atilde;o Legal:<\/strong> Art. 75, II da Lei 14.133 de 01&ordm; de abril de 2021.<br \/>\r\n&nbsp;<\/div>\r\n"},{"titulo":"Preg\u00e3o Eletr\u00f4nico 90005\/2026","dataAtualizacao":"2026-03-03 10:57:43","dataPostagem":"2026-02-05 09:00:00","dataRealizacao":"2026-01-14 17:00:00","numeroEdital":0,"numeroProcesso":5,"modalidade":"Preg\u00e3o Eletr\u00f4nico","situacao":"Aberto","descricao":"<table border=\"1\" cellpadding=\"0\" cellspacing=\"0\" style=\"border-collapse:collapse;mso-table-layout-alt:fixed;border:none;\r\n mso-border-alt:solid black .5pt;mso-yfti-tbllook:1024;mso-padding-alt:0cm 5.4pt 0cm 5.4pt;\r\n mso-border-insideh:.5pt solid black;mso-border-insidev:.5pt solid black\" width=\"654\">\r\n\t<tbody>\r\n\t\t<tr style=\"mso-yfti-irow:0;mso-yfti-firstrow:yes;mso-yfti-lastrow:yes;\r\n  height:124.45pt\">\r\n\t\t\t<td style=\"width:490.6pt;border:solid black 1.0pt;\r\n  mso-border-alt:solid black .5pt;padding:0cm 5.4pt 0cm 5.4pt;height:124.45pt\" valign=\"top\" width=\"654\"><span style=\"font-family:arial,sans-serif; mso-fareast-font-family:Arial\">O Munic&iacute;pio de Carmo do Rio Claro\/MG torna p&uacute;blico o edital do Preg&atilde;o Eletr&ocirc;nico 90005\/2026, Crit&eacute;rio de Julgamento Maior Desconto, Que Refletir&aacute; No Maior Valor Ofertado, Calculada Conforme Forma e F&oacute;rmula Constantes do Edital, para &ldquo;Concess&atilde;o Tempor&aacute;ria Onerosa de Uso de Espa&ccedil;o P&uacute;blico para Explora&ccedil;&atilde;o de Pra&ccedil;a de Alimenta&ccedil;&atilde;o do Evento &ldquo;Carmo Folia 2026&rdquo;. O edital est&aacute; &agrave; disposi&ccedil;&atilde;o na sede do Munic&iacute;pio: Rua Delfim Moreira, n&ordm; 62, Centro, Departamento de Licita&ccedil;&otilde;es e Contratos Administrativos, em dias &uacute;teis, de 08h. &agrave;s 11h. e de 12h30min. &agrave;s 17h., no Portal Nacional de Contrata&ccedil;&otilde;es P&uacute;blicas e nos sites <u>www.carmodorioclaro.mg.gov.br<\/u> e <\/span><a href=\"http:\/\/www.compras.gov.br\"><span style=\"color:#0563C1; font-family:arial,sans-serif; mso-fareast-font-family:Arial\">www.compras.gov.br<\/span><\/a><span style=\"font-family:arial,sans-serif; mso-fareast-font-family:Arial\"> Abertura da Sess&atilde;o dia 05\/02\/2026, &agrave;s 09 horas. Local: <\/span><a href=\"http:\/\/www.compras.gov.br\"><span style=\"color:#0563C1; font-family:arial,sans-serif; mso-fareast-font-family:Arial\">www.compras.gov.br<\/span><\/a><span style=\"font-family:arial,sans-serif; mso-fareast-font-family:Arial\"><\/span><\/td>\r\n\t\t<\/tr>\r\n\t<\/tbody>\r\n<\/table>\r\n"},{"titulo":"PREG\u00c3O ELETRONICO N\u00ba 90006\/2026","dataAtualizacao":"2026-02-26 15:14:05","dataPostagem":"2026-02-04 09:00:00","dataRealizacao":"2026-01-21 08:00:00","numeroEdital":0,"numeroProcesso":7,"modalidade":"Preg\u00e3o Eletr\u00f4nico","situacao":"Aberto","descricao":"<table border=\"1\" cellpadding=\"0\" cellspacing=\"0\" style=\"width:490.6pt;border-collapse:collapse;border:none;mso-border-alt:solid windowtext .5pt;\r\n mso-yfti-tbllook:1184;mso-padding-alt:0cm 5.4pt 0cm 5.4pt\" width=\"654\">\r\n\t<tbody>\r\n\t\t<tr style=\"mso-yfti-irow:0;mso-yfti-firstrow:yes;mso-yfti-lastrow:yes;\r\n  height:124.45pt\">\r\n\t\t\t<td style=\"width:490.6pt;border:solid windowtext 1.0pt;\r\n  mso-border-alt:solid windowtext .5pt;padding:0cm 5.4pt 0cm 5.4pt;height:124.45pt\" valign=\"top\" width=\"654\"><span style=\"font-family:arial,sans-serif\">O Munic&iacute;pio de Carmo do Rio Claro\/MG torna p&uacute;blico o Edital do <span style=\"mso-bidi-font-weight:bold\">Preg&atilde;o Eletr&ocirc;nico N&ordm; 90006\/2026, Crit&eacute;rio de Julgamento Menor Pre&ccedil;o<\/span>, para &ldquo;CONTRATA&Ccedil;&Atilde;O DE EMPRESA ESPECIALIZADA PARA FORNECIMENTO DA ESTRUTURA NECESS&Aacute;RIA PARA O EVENTO CARMO FOLIA 2026, DURANTE O PER&Iacute;ODO DE 05 DIAS&rdquo;<span style=\"mso-bidi-font-weight:bold\">.<strong> <\/strong>O Edital est&aacute; &agrave; disposi&ccedil;&atilde;o na sede do Munic&iacute;pio: Rua Delfim Moreira, n&ordm; 62, Centro, Departamento de Licita&ccedil;&otilde;es e Contratos Administrativos, em dias &uacute;teis, das 08:00 &agrave;s 11:00 horas e das 13:00 &agrave;s 17:00 horas, e nos sites <u>www.carmodorioclaro.mg.gov.br,<\/u> <\/span><\/span><a href=\"http:\/\/www.compras.gov.br\"><span style=\"font-family:arial,sans-serif; mso-bidi-font-weight:bold\">www.compras.gov.br<\/span><\/a><span style=\"font-family:arial,sans-serif; mso-bidi-font-weight:bold\"> e Portal Nacional de Contrata&ccedil;&otilde;es P&uacute;blicas. Abertura da Sess&atilde;o dia <\/span><strong><span style=\"font-family:arial,sans-serif\">04\/02\/2026<\/span><\/strong><span style=\"font-family:arial,sans-serif; mso-bidi-font-weight:bold\">, &agrave;s 09:00 horas. Local: <\/span><a href=\"http:\/\/www.compras.gov.br\"><span style=\"font-family:arial,sans-serif; mso-bidi-font-weight:bold\">www.compras.gov.br<\/span><\/a><span style=\"font-family:arial,sans-serif\"><\/span><\/td>\r\n\t\t<\/tr>\r\n\t<\/tbody>\r\n<\/table>\r\n"},{"titulo":"Dispensa Eletr\u00f4nica 90001\/2026 - Aquisi\u00e7\u00e3o de Medalhas e Trof\u00e9us","dataAtualizacao":"2026-01-28 14:52:19","dataPostagem":"2026-01-27 08:00:00","dataRealizacao":"2026-01-22 08:00:00","numeroEdital":90001,"numeroProcesso":8,"modalidade":"Dispensa de Licita\u00e7\u00e3o","situacao":"Aberto","descricao":"<table border=\"1\" cellpadding=\"0\" cellspacing=\"0\" style=\"width:432.1pt;border-collapse:collapse;border:none;mso-border-alt:solid windowtext .5pt;\r\n mso-yfti-tbllook:1184;mso-padding-alt:0cm 5.4pt 0cm 5.4pt\" width=\"576\">\r\n\t<tbody>\r\n\t\t<tr style=\"mso-yfti-irow:0;mso-yfti-firstrow:yes;mso-yfti-lastrow:yes;\r\n  height:175.75pt\">\r\n\t\t\t<td style=\"width:432.1pt;border:solid windowtext 1.0pt;\r\n  mso-border-alt:solid windowtext .5pt;padding:0cm 5.4pt 0cm 5.4pt;height:175.75pt\" valign=\"top\" width=\"576\"><strong><span style=\"font-family:arial,sans-serif\">DISPENSA ELETR&Ocirc;NICA 90001\/2026 &ndash; PROCESSO LICITAT&Oacute;RIO 008\/2026<\/span><\/strong><br \/>\r\n\t\t\t<span style=\"font-family:arial,sans-serif\">O Munic&iacute;pio de Carmo do Rio Claro\/MG torna p&uacute;blico o edital Da Dispensa Eletr&ocirc;nica em ep&iacute;grafe, Tipo Menor Pre&ccedil;o, para &ldquo;AQUISI&Ccedil;&Atilde;O DE MEDALHAS E TROF&Eacute;US A SEREM DISTRIBU&Iacute;DOS AOS ATLETAS PARTICIPANTES DO EVENTO INTERBLOCOS 2026.&rdquo;.<\/span><br \/>\r\n\t\t\t<span style=\"font-family:arial,sans-serif\">O Edital est&aacute; dispon&iacute;vel na sede do Munic&iacute;pio, Departamento de Licita&ccedil;&otilde;es e Contratos Administrativos, Rua Delfim Moreira, n&ordm; 62, Centro, em dias &uacute;teis, de 08h &agrave;s 11h e 12h30 &agrave;s 17h., Portal Nacional de Contrata&ccedil;&otilde;es P&uacute;blicas &ndash; PNCP e nos sites www.carmodorioclaro.mg.gov.br e www.compras.gov.br Abertura da Sess&atilde;o dia <strong>27\/01\/2026 das 08:00 &agrave;s 14:00 horas<\/strong>. Local: www.compras.gov.br.<\/span><\/td>\r\n\t\t<\/tr>\r\n\t<\/tbody>\r\n<\/table>\r\n"},{"titulo":"PREG\u00c3O ELETRONICO N\u00ba 90004\/2026","dataAtualizacao":"2026-04-09 14:20:23","dataPostagem":"2026-01-26 09:00:00","dataRealizacao":"2026-01-14 08:00:00","numeroEdital":0,"numeroProcesso":4,"modalidade":"Preg\u00e3o Eletr\u00f4nico","situacao":"Aberto","descricao":"<div style=\"mso-element:para-border-div;border:solid windowtext 1.0pt;\r\nmso-border-alt:solid windowtext .5pt;padding:1.0pt 4.0pt 1.0pt 4.0pt\"><strong><span style=\"background:white; font-family:arial,sans-serif; font-size:14.0pt\">COMUNICADO DE REABERTURA DE SESS&Atilde;O P&Uacute;BLICA PREG&Atilde;O ELETR&Ocirc;NICO N&ordm; 90004\/2026<\/span><\/strong><strong><span style=\"font-family:arial,sans-serif; font-size:14.0pt\"><\/span><\/strong><br \/>\r\n<br \/>\r\n<span style=\"background:white; font-family:arial,sans-serif; font-size:11.0pt\">Senhores(as) Licitantes,<\/span><br \/>\r\n<span style=\"background:white\">Considerando o fim do prazo concedido &agrave; empresa classificada para o envio de documentos exigidos no Edital, conforme<\/span><span style=\"color:#333333\">&nbsp;item 9.21 do mesmo<\/span><span style=\"background:white\">, informamos que a sess&atilde;o p&uacute;blica do Preg&atilde;o Eletr&ocirc;nico n&ordm; 90004\/2026, cujo objeto &eacute; o &quot;<\/span><span style=\"mso-fareast-font-family:&quot;Century Gothic&quot;\">R<\/span>egistro de Pre&ccedil;os para a futura e eventual aquisi&ccedil;&atilde;o de Picol&eacute;s de Frutas e Sorvetes de sabores variados<span style=\"background:white\">&rdquo; ser&aacute; REABERTA.<\/span><br \/>\r\n<span style=\"background:white\">A sess&atilde;o ser&aacute; retomada a partir da fase de julgamento e an&aacute;lise de aceitabilidade das propostas, relativamente aos itens 01 e 02, observando-se todos os procedimentos previstos no Edital. <\/span><br \/>\r\n<span style=\"background:white\">A reabertura da sess&atilde;o p&uacute;blica ser&aacute; realizada no dia <strong><u>30\/03\/2026, segunda-feira, &agrave;s 13h00min<\/u><\/strong>.<\/span><br \/>\r\n<span style=\"background:white\">Solicito que estejam conectados no referido dia e hor&aacute;rio para a retomada da sess&atilde;o p&uacute;blica.<\/span><br \/>\r\n<span style=\"background:white\">O presente comunicado est&aacute; sendo publicado atrav&eacute;s do s&iacute;tio eletr&ocirc;nico do Munic&iacute;pio e Quadro de Avisos da plataforma compras.gov.br al&eacute;m de j&aacute; informado no chat eletr&ocirc;nico do referido certame.<\/span><\/div>\r\n"},{"titulo":"Preg\u00e3o 90003\/2026 - Persianas Rolo","dataAtualizacao":"2026-02-23 15:39:08","dataPostagem":"2026-01-26 08:30:00","dataRealizacao":"2026-01-13 14:23:00","numeroEdital":90003,"numeroProcesso":3,"modalidade":"Preg\u00e3o Eletr\u00f4nico","situacao":"Aberto","descricao":"<table border=\"1\" cellpadding=\"0\" cellspacing=\"0\" style=\"width:432.1pt;border-collapse:collapse;border:none;mso-border-alt:solid windowtext .5pt;\r\n mso-yfti-tbllook:1184;mso-padding-alt:0cm 5.4pt 0cm 5.4pt\" width=\"576\">\r\n\t<tbody>\r\n\t\t<tr style=\"mso-yfti-irow:0;mso-yfti-firstrow:yes;mso-yfti-lastrow:yes;\r\n  height:175.75pt\">\r\n\t\t\t<td style=\"width:432.1pt;border:solid windowtext 1.0pt;\r\n  mso-border-alt:solid windowtext .5pt;padding:0cm 5.4pt 0cm 5.4pt;height:175.75pt\" valign=\"top\" width=\"576\"><strong><span style=\"font-family:arial,sans-serif\">PREG&Atilde;O ELETR&Ocirc;NICO 90003\/2026 &ndash; PROCESSO LICITAT&Oacute;RIO 003\/2026<\/span><\/strong><br \/>\r\n\t\t\t<span style=\"font-family:arial,sans-serif\">O Munic&iacute;pio de Carmo do Rio Claro\/MG torna p&uacute;blico o edital do Preg&atilde;o em ep&iacute;grafe, Tipo Menor Pre&ccedil;o, para &ldquo;Registro de pre&ccedil;os para futura e eventual contrata&ccedil;&atilde;o de pessoa jur&iacute;dica para o fornecimento e instala&ccedil;&atilde;o de persianas rolo por m&sup2;, com garantia m&iacute;nima de um ano contra defeitos de fabrica&ccedil;&atilde;o e de 30 (trinta) dias no tocante &agrave; instala&ccedil;&atilde;o, conforme a demanda das Secretarias demandantes da Prefeitura de Carmo do Rio Claro&rdquo;.<\/span><br \/>\r\n\t\t\t<span style=\"font-family:arial,sans-serif\">O Edital est&aacute; dispon&iacute;vel na sede do Munic&iacute;pio, Departamento de Licita&ccedil;&otilde;es e Contratos Administrativos, Rua Delfim Moreira, n&ordm; 62, Centro, em dias &uacute;teis, de 08h &agrave;s 11h e 12h30 &agrave;s 17h., Portal Nacional de Contrata&ccedil;&otilde;es P&uacute;blicas &ndash; PNCP e nos sites <\/span><a href=\"http:\/\/www.carmodorioclaro.mg.gov.br\"><span style=\"font-family:arial,sans-serif\">www.carmodorioclaro.mg.gov.br<\/span><\/a><span style=\"font-family:arial,sans-serif\"> e <\/span><a href=\"http:\/\/www.compras.gov.br\"><span style=\"font-family:arial,sans-serif\">www.compras.gov.br<\/span><\/a><span style=\"font-family:arial,sans-serif\"> <span style=\"mso-bidi-font-weight:bold\">Abertura da Sess&atilde;o dia <strong>26\/01\/2025<\/strong> &agrave;s <strong>08:30 horas.<\/strong> Local: <\/span><\/span><a href=\"http:\/\/www.compras.gov.br\"><span style=\"font-family:arial,sans-serif; mso-bidi-font-weight:bold\">www.compras.gov.br<\/span><\/a><span style=\"font-family:arial,sans-serif\">.<\/span><\/td>\r\n\t\t<\/tr>\r\n\t<\/tbody>\r\n<\/table>\r\n"},{"titulo":"Preg\u00e3o 90002\/2026 - Lajes de t\u00famulo","dataAtualizacao":"2026-02-23 13:27:00","dataPostagem":"2026-01-26 08:00:00","dataRealizacao":"2026-01-13 13:00:00","numeroEdital":90002,"numeroProcesso":2,"modalidade":"Preg\u00e3o Eletr\u00f4nico","situacao":"Aberto","descricao":"<table border=\"1\" cellpadding=\"0\" cellspacing=\"0\" style=\"width:432.1pt;border-collapse:collapse;border:none;mso-border-alt:solid windowtext .5pt;\r\n mso-yfti-tbllook:1184;mso-padding-alt:0cm 5.4pt 0cm 5.4pt\" width=\"576\">\r\n\t<tbody>\r\n\t\t<tr style=\"mso-yfti-irow:0;mso-yfti-firstrow:yes;mso-yfti-lastrow:yes;\r\n  height:175.75pt\">\r\n\t\t\t<td style=\"width:432.1pt;border:solid windowtext 1.0pt;\r\n  mso-border-alt:solid windowtext .5pt;padding:0cm 5.4pt 0cm 5.4pt;height:175.75pt\" valign=\"top\" width=\"576\"><strong><span style=\"font-family:arial,sans-serif\">PREG&Atilde;O ELETR&Ocirc;NICO 90002\/2026 &ndash; PROCESSO LICITAT&Oacute;RIO 002\/2026<\/span><\/strong><br \/>\r\n\t\t\t<span style=\"font-family:arial,sans-serif\">O Munic&iacute;pio de Carmo do Rio Claro\/MG torna p&uacute;blico o edital do Preg&atilde;o em ep&iacute;grafe, Tipo Menor Pre&ccedil;o, para &ldquo;Sistema de Registro de Pre&ccedil;o (SRP) para futura e eventual aquisi&ccedil;&atilde;o de laje para caixa de t&uacute;mulo contendo 8 vigas de concreto para laje na medida 1,10 m cada e 35 lajotas de cer&acirc;mica modelo H8&rdquo;.<\/span><br \/>\r\n\t\t\t<span style=\"font-family:arial,sans-serif\">O Edital est&aacute; dispon&iacute;vel na sede do Munic&iacute;pio, Departamento de Licita&ccedil;&otilde;es e Contratos Administrativos, Rua Delfim Moreira, n&ordm; 62, Centro, em dias &uacute;teis, de 08h &agrave;s 11h e 12h30 &agrave;s 17h., Portal Nacional de Contrata&ccedil;&otilde;es P&uacute;blicas &ndash; PNCP e nos sites <\/span><a href=\"http:\/\/www.carmodorioclaro.mg.gov.br\"><span style=\"font-family:arial,sans-serif\">www.carmodorioclaro.mg.gov.br<\/span><\/a><span style=\"font-family:arial,sans-serif\"> e <\/span><a href=\"http:\/\/www.compras.gov.br\"><span style=\"font-family:arial,sans-serif\">www.compras.gov.br<\/span><\/a><span style=\"font-family:arial,sans-serif\"> <span style=\"mso-bidi-font-weight:bold\">Abertura da Sess&atilde;o dia <strong>26\/01\/2025<\/strong> &agrave;s <strong>08 horas.<\/strong> Local: <\/span><\/span><a href=\"http:\/\/www.compras.gov.br\"><span style=\"font-family:arial,sans-serif; mso-bidi-font-weight:bold\">www.compras.gov.br<\/span><\/a><span style=\"font-family:arial,sans-serif\">.<\/span><\/td>\r\n\t\t<\/tr>\r\n\t<\/tbody>\r\n<\/table>\r\n"},{"titulo":"Preg\u00e3o Eletr\u00f4nico 90106\/2025","dataAtualizacao":"2026-03-02 15:00:58","dataPostagem":"2026-01-23 09:00:00","dataRealizacao":"2025-12-31 09:00:00","numeroEdital":0,"numeroProcesso":257,"modalidade":"Preg\u00e3o Eletr\u00f4nico","situacao":"Aberto","descricao":"<table border=\"1\" cellpadding=\"0\" cellspacing=\"0\" style=\"border-collapse:collapse;mso-table-layout-alt:fixed;border:none;\r\n mso-border-alt:solid black .5pt;mso-yfti-tbllook:1024;mso-padding-alt:0cm 5.4pt 0cm 5.4pt;\r\n mso-border-insideh:.5pt solid black;mso-border-insidev:.5pt solid black\" width=\"654\">\r\n\t<tbody>\r\n\t\t<tr style=\"mso-yfti-irow:0;mso-yfti-firstrow:yes;mso-yfti-lastrow:yes;\r\n  height:124.45pt\">\r\n\t\t\t<td style=\"width:490.6pt;border:solid black 1.0pt;\r\n  mso-border-alt:solid black .5pt;padding:0cm 5.4pt 0cm 5.4pt;height:124.45pt\" valign=\"top\" width=\"654\"><span style=\"font-family:arial,sans-serif; mso-fareast-font-family:Arial\">O Munic&iacute;pio de Carmo do Rio Claro\/MG torna p&uacute;blica a retifica&ccedil;&atilde;o do edital do Preg&atilde;o Eletr&ocirc;nico 90106\/2025, Crit&eacute;rio de Julgamento Menor Pre&ccedil;o, para &ldquo;Registro de Pre&ccedil;os para Futura e Eventual Aquisi&ccedil;&atilde;o de G&ecirc;neros de Alimenta&ccedil;&atilde;o para Compor a Alimenta&ccedil;&atilde;o Escolar dos Alunos da Rede Municipal de Ensino e para as Atividades Desenvolvidas pelas demais Secretarias Relacionadas no Termo de Refer&ecirc;ncia&rdquo;. O edital est&aacute; &agrave; disposi&ccedil;&atilde;o na sede do Munic&iacute;pio: Rua Delfim Moreira, n&ordm; 62, Centro, Departamento de Licita&ccedil;&otilde;es e Contratos Administrativos, em dias &uacute;teis, de 08h. &agrave;s 11h. e de 12h30min. &agrave;s 17h., no Portal Nacional de Contrata&ccedil;&otilde;es P&uacute;blicas e nos sites <u>www.carmodorioclaro.mg.gov.br<\/u> e <\/span><a href=\"http:\/\/www.compras.gov.br\"><span style=\"color:#0563C1; font-family:arial,sans-serif; mso-fareast-font-family:Arial\">www.compras.gov.br<\/span><\/a><span style=\"font-family:arial,sans-serif; mso-fareast-font-family:Arial\"> Abertura da Sess&atilde;o dia 23\/01\/2026, &agrave;s 09 horas. Local: <\/span><a href=\"http:\/\/www.compras.gov.br\"><span style=\"color:#0563C1; font-family:arial,sans-serif; mso-fareast-font-family:Arial\">www.compras.gov.br<\/span><\/a><span style=\"font-family:arial,sans-serif; mso-fareast-font-family:Arial\"><\/span><\/td>\r\n\t\t<\/tr>\r\n\t<\/tbody>\r\n<\/table>\r\n"},{"titulo":"Credenciamento 019\/2024","dataAtualizacao":"2026-04-16 15:13:20","dataPostagem":"2026-01-22 17:00:00","dataRealizacao":"2025-01-21 16:00:00","numeroEdital":0,"numeroProcesso":321,"modalidade":"Credenciamento","situacao":"Conclu\u00eddo","descricao":"<table border=\"1\" cellpadding=\"0\" cellspacing=\"0\" style=\"width:490.6pt;border-collapse:collapse;border:none;mso-border-alt:solid windowtext .5pt;\r\n mso-yfti-tbllook:1184;mso-padding-alt:0cm 5.4pt 0cm 5.4pt\" width=\"654\">\r\n\t<tbody>\r\n\t\t<tr style=\"mso-yfti-irow:0;mso-yfti-firstrow:yes;mso-yfti-lastrow:yes;\r\n  height:169.65pt\">\r\n\t\t\t<td style=\"width:490.6pt;border:solid windowtext 1.0pt;\r\n  mso-border-alt:solid windowtext .5pt;padding:0cm 5.4pt 0cm 5.4pt;height:169.65pt\" valign=\"top\" width=\"654\"><span style=\"font-family:arial,sans-serif; font-size:11.5pt; line-height:150%\">O Munic&iacute;pio de Carmo do Rio Claro\/MG torna p&uacute;blico o edital de Credenciamento n&ordm; 019\/2024 para o <\/span><span style=\"font-family:arial,sans-serif; font-size:12.0pt; line-height:150%; mso-bidi-font-weight:bold\">&ldquo;Credenciamento de Pessoas F&iacute;sicas e Jur&iacute;dicas para a Presta&ccedil;&atilde;o de Servi&ccedil;os de Pintura de Mural Art&iacute;stica e Real&iacute;stica dos Im&oacute;veis e Espa&ccedil;os P&uacute;blicos Municipais<\/span><span style=\"font-family:arial,sans-serif; font-size:11.5pt; line-height:150%\">&rdquo;.<\/span><span style=\"font-family:arial,sans-serif; font-size:12.0pt; line-height:150%\"> <\/span><span style=\"font-family:arial,sans-serif; font-size:11.5pt; line-height:150%; mso-fareast-language:AR-SA\">O edital est&aacute; &agrave; disposi&ccedil;&atilde;o na sede do Munic&iacute;pio: Rua Delfim Moreira, n&ordm; 62, Centro, Departamento de Licita&ccedil;&otilde;es e Contratos, em dias &uacute;teis, de 08h. &agrave;s 11h. e de 12h30min. &agrave;s 17h. e no site www.carmodorioclaro.mg.gov.br e Portal Nacional de Contrata&ccedil;&otilde;es P&uacute;blicas a partir desta data. <\/span><span style=\"font-family:arial,sans-serif; font-size:11.5pt; line-height:150%\">A apresenta&ccedil;&atilde;o dos documentos para credenciamento e proposta de ades&atilde;o poder&aacute; ser feita na no Departamento de Licita&ccedil;&otilde;es e Contratos <strong>a qualquer tempo<\/strong>, &agrave; partir de <strong>22\/01\/2025<\/strong>, at&eacute; o dia<strong> 22\/01\/2026.<span style=\"mso-bidi-font-weight:bold\"> <\/span><\/strong><\/span><\/td>\r\n\t\t<\/tr>\r\n\t<\/tbody>\r\n<\/table>\r\n"},{"titulo":"Preg\u00e3o Eletr\u00f4nico 90001\/2026","dataAtualizacao":"2026-03-02 15:41:05","dataPostagem":"2026-01-21 09:00:00","dataRealizacao":"2026-01-08 09:00:00","numeroEdital":0,"numeroProcesso":1,"modalidade":"Preg\u00e3o Eletr\u00f4nico","situacao":"Aberto","descricao":"<table border=\"1\" cellpadding=\"0\" cellspacing=\"0\" style=\"border-collapse:collapse;mso-table-layout-alt:fixed;border:none;\r\n mso-border-alt:solid black .5pt;mso-yfti-tbllook:1024;mso-padding-alt:0cm 5.4pt 0cm 5.4pt;\r\n mso-border-insideh:.5pt solid black;mso-border-insidev:.5pt solid black\" width=\"654\">\r\n\t<tbody>\r\n\t\t<tr style=\"mso-yfti-irow:0;mso-yfti-firstrow:yes;mso-yfti-lastrow:yes;\r\n  height:124.45pt\">\r\n\t\t\t<td style=\"width:490.6pt;border:solid black 1.0pt;\r\n  mso-border-alt:solid black .5pt;padding:0cm 5.4pt 0cm 5.4pt;height:124.45pt\" valign=\"top\" width=\"654\"><span style=\"font-family:arial,sans-serif; mso-fareast-font-family:Arial\">O Munic&iacute;pio de Carmo do Rio Claro\/MG torna p&uacute;blico o edital do Preg&atilde;o Eletr&ocirc;nico 90001\/2026, Crit&eacute;rio de Julgamento Menor Pre&ccedil;o, para &ldquo;Registro de Pre&ccedil;os para Futura e Eventual Aquisi&ccedil;&atilde;o de Embalagens e Materiais Descart&aacute;veis a Serem Utilizados Pelas Secretarias Municipais Demandantes Relacionadas no Termo de Refer&ecirc;ncia&rdquo;. O edital est&aacute; &agrave; disposi&ccedil;&atilde;o na sede do Munic&iacute;pio: Rua Delfim Moreira, n&ordm; 62, Centro, Departamento de Licita&ccedil;&otilde;es e Contratos Administrativos, em dias &uacute;teis, de 08h. &agrave;s 11h. e de 12h30min. &agrave;s 17h., no Portal Nacional de Contrata&ccedil;&otilde;es P&uacute;blicas e nos sites <u>www.carmodorioclaro.mg.gov.br<\/u> e <\/span><a href=\"http:\/\/www.compras.gov.br\"><span style=\"color:#0563C1; font-family:arial,sans-serif; mso-fareast-font-family:Arial\">www.compras.gov.br<\/span><\/a><span style=\"font-family:arial,sans-serif; mso-fareast-font-family:Arial\"> Abertura da Sess&atilde;o dia 21\/01\/2026, &agrave;s 09 horas. Local: <\/span><a href=\"http:\/\/www.compras.gov.br\"><span style=\"color:#0563C1; font-family:arial,sans-serif; mso-fareast-font-family:Arial\">www.compras.gov.br<\/span><\/a><span style=\"font-family:arial,sans-serif; mso-fareast-font-family:Arial\"><\/span><\/td>\r\n\t\t<\/tr>\r\n\t<\/tbody>\r\n<\/table>\r\n"},{"titulo":"Preg\u00e3o Eletr\u00f4nico 90107\/2025","dataAtualizacao":"2026-02-05 12:30:48","dataPostagem":"2026-01-20 09:00:00","dataRealizacao":"2026-01-07 09:00:00","numeroEdital":0,"numeroProcesso":258,"modalidade":"Preg\u00e3o Eletr\u00f4nico","situacao":"Aberto","descricao":"<table border=\"1\" cellpadding=\"0\" cellspacing=\"0\" style=\"border-collapse:collapse;mso-table-layout-alt:fixed;border:none;\r\n mso-border-alt:solid black .5pt;mso-yfti-tbllook:1024;mso-padding-alt:0cm 5.4pt 0cm 5.4pt;\r\n mso-border-insideh:.5pt solid black;mso-border-insidev:.5pt solid black\" width=\"654\">\r\n\t<tbody>\r\n\t\t<tr style=\"mso-yfti-irow:0;mso-yfti-firstrow:yes;mso-yfti-lastrow:yes;\r\n  height:124.45pt\">\r\n\t\t\t<td style=\"width:490.6pt;border:solid black 1.0pt;\r\n  mso-border-alt:solid black .5pt;padding:0cm 5.4pt 0cm 5.4pt;height:124.45pt\" valign=\"top\" width=\"654\"><span style=\"font-family:arial,sans-serif; mso-fareast-font-family:Arial\">O Munic&iacute;pio de Carmo do Rio Claro\/MG torna p&uacute;blico o edital do Preg&atilde;o Eletr&ocirc;nico 90107\/2025, Crit&eacute;rio de Julgamento Menor Pre&ccedil;o, para &ldquo;Aquisi&ccedil;&atilde;o de Seringas Descart&aacute;veis para Aplica&ccedil;&atilde;o de Insulina, para Distribui&ccedil;&atilde;o da Farm&aacute;cia Municipal aos Pacientes Atendidos Pela Secretaria Municipal de Sa&uacute;de do Munic&iacute;pio&rdquo;. O edital est&aacute; &agrave; disposi&ccedil;&atilde;o na sede do Munic&iacute;pio: Rua Delfim Moreira, n&ordm; 62, Centro, Departamento de Licita&ccedil;&otilde;es e Contratos Administrativos, em dias &uacute;teis, de 08h. &agrave;s 11h. e de 12h30min. &agrave;s 17h., no Portal Nacional de Contrata&ccedil;&otilde;es P&uacute;blicas e nos sites <u>www.carmodorioclaro.mg.gov.br<\/u> e <\/span><a href=\"http:\/\/www.compras.gov.br\"><span style=\"color:#0563C1; font-family:arial,sans-serif; mso-fareast-font-family:Arial\">www.compras.gov.br<\/span><\/a><span style=\"font-family:arial,sans-serif; mso-fareast-font-family:Arial\"> Abertura da Sess&atilde;o dia 20\/01\/2026, &agrave;s 09 horas. Local: <\/span><a href=\"http:\/\/www.compras.gov.br\"><span style=\"color:#0563C1; font-family:arial,sans-serif; mso-fareast-font-family:Arial\">www.compras.gov.br<\/span><\/a><span style=\"font-family:arial,sans-serif; mso-fareast-font-family:Arial\"><\/span><\/td>\r\n\t\t<\/tr>\r\n\t<\/tbody>\r\n<\/table>\r\n"},{"titulo":"Dispensa 90081\/2025 - Vergalh\u00e3o CA51 sold\u00e1vel","dataAtualizacao":"2026-01-19 14:37:50","dataPostagem":"2026-01-19 08:00:00","dataRealizacao":"2026-01-13 13:01:00","numeroEdital":90081,"numeroProcesso":252,"modalidade":"Dispensa de Licita\u00e7\u00e3o","situacao":"Aberto","descricao":"<table border=\"1\" cellpadding=\"0\" cellspacing=\"0\" style=\"width:432.1pt;border-collapse:collapse;border:none;mso-border-alt:solid windowtext .5pt;\r\n mso-yfti-tbllook:1184;mso-padding-alt:0cm 5.4pt 0cm 5.4pt\" width=\"576\">\r\n\t<tbody>\r\n\t\t<tr style=\"mso-yfti-irow:0;mso-yfti-firstrow:yes;mso-yfti-lastrow:yes;\r\n  height:175.75pt\">\r\n\t\t\t<td style=\"width:432.1pt;border:solid windowtext 1.0pt;\r\n  mso-border-alt:solid windowtext .5pt;padding:0cm 5.4pt 0cm 5.4pt;height:175.75pt\" valign=\"top\" width=\"576\"><strong><span style=\"font-family:arial,sans-serif\">DISPENSA ELETR&Ocirc;NICA 90081\/2025 &ndash; PROCESSO LICITAT&Oacute;RIO 252\/2025<\/span><\/strong><br \/>\r\n\t\t\t<span style=\"font-family:arial,sans-serif\">O Munic&iacute;pio de Carmo do Rio Claro\/MG torna p&uacute;blico o edital Da Dispensa Eletr&ocirc;nica em ep&iacute;grafe, Tipo Menor Pre&ccedil;o, para &ldquo;Aquisi&ccedil;&atilde;o de vergalh&atilde;o CA50 sold&aacute;vel 25 mm, para uso na constru&ccedil;&atilde;o de grades para bueiro em v&aacute;rios pontos da cidade, visando garantir a seguran&ccedil;a, o adequado escoamento de &aacute;guas pluviais e a manuten&ccedil;&atilde;o da infraestrutura urbana.&rdquo;.<\/span><br \/>\r\n\t\t\t<span style=\"font-family:arial,sans-serif\">O Edital est&aacute; dispon&iacute;vel na sede do Munic&iacute;pio, Departamento de Licita&ccedil;&otilde;es e Contratos Administrativos, Rua Delfim Moreira, n&ordm; 62, Centro, em dias &uacute;teis, de 08h &agrave;s 11h e 12h30 &agrave;s 17h., Portal Nacional de Contrata&ccedil;&otilde;es P&uacute;blicas &ndash; PNCP e nos sites www.carmodorioclaro.mg.gov.br e www.compras.gov.br Abertura da Sess&atilde;o dia 19<strong>\/01\/2026 das 08:00 &agrave;s 14:00 horas<\/strong>. Local: www.compras.gov.br.<\/span><\/td>\r\n\t\t<\/tr>\r\n\t<\/tbody>\r\n<\/table>\r\n"},{"titulo":"Concorr\u00eancia Eletr\u00f4nica 90007\/2025","dataAtualizacao":"2025-12-02 15:02:22","dataPostagem":"2026-01-14 09:00:00","dataRealizacao":"2025-12-02 09:00:00","numeroEdital":0,"numeroProcesso":239,"modalidade":"Concorr\u00eancia Eletr\u00f4nica","situacao":"Aberto","descricao":"<table border=\"1\" cellpadding=\"0\" cellspacing=\"0\" style=\"border-collapse:collapse;mso-table-layout-alt:fixed;border:none;\r\n mso-border-alt:solid black .5pt;mso-yfti-tbllook:1024;mso-padding-alt:0cm 5.4pt 0cm 5.4pt;\r\n mso-border-insideh:.5pt solid black;mso-border-insidev:.5pt solid black\" width=\"654\">\r\n\t<tbody>\r\n\t\t<tr style=\"mso-yfti-irow:0;mso-yfti-firstrow:yes;mso-yfti-lastrow:yes;\r\n  height:124.45pt\">\r\n\t\t\t<td style=\"width:490.6pt;border:solid black 1.0pt;\r\n  mso-border-alt:solid black .5pt;padding:0cm 5.4pt 0cm 5.4pt;height:124.45pt\" valign=\"top\" width=\"654\"><span style=\"font-family:arial,sans-serif; mso-fareast-font-family:Arial\">O Munic&iacute;pio de Carmo do Rio Claro\/MG torna p&uacute;blico o edital da <strong>Concorr&ecirc;ncia Eletr&ocirc;nica 90007\/2025<\/strong>, Crit&eacute;rio de Julgamento Menor Pre&ccedil;o, para <em>&ldquo;Contrata&ccedil;&atilde;o de Empresa Especializada para Presta&ccedil;&atilde;o de Servi&ccedil;os T&eacute;cnicos Profissionais de Consultoria e Assessoria para Planejamento, An&aacute;lise, Organiza&ccedil;&atilde;o, Execu&ccedil;&atilde;o e Acompanhamento de Todas as Fases de Capta&ccedil;&atilde;o do ICMS Cultural e Tur&iacute;stico e a Elabora&ccedil;&atilde;o&rdquo;.<\/em><br \/>\r\n\t\t\t<br \/>\r\n\t\t\tO edital est&aacute; &agrave; disposi&ccedil;&atilde;o na sede do Munic&iacute;pio: Rua Delfim Moreira, n&ordm; 62, Centro, Departamento de Licita&ccedil;&otilde;es e Contratos Administrativos, em dias &uacute;teis, de 08h. &agrave;s 11h. e de 12h30min. &agrave;s 17h., no Portal Nacional de Contrata&ccedil;&otilde;es P&uacute;blicas e nos sites <u>www.carmodorioclaro.mg.gov.br<\/u> e <\/span><a href=\"http:\/\/www.compras.gov.br\"><span style=\"color:#0563C1; font-family:arial,sans-serif; mso-fareast-font-family:Arial\">www.compras.gov.br<\/span><\/a><span style=\"font-family:arial,sans-serif; mso-fareast-font-family:Arial\"><br \/>\r\n\t\t\t<br \/>\r\n\t\t\tAbertura da Sess&atilde;o dia <strong>14\/01\/2026<\/strong>, &agrave;s <strong>09 horas. <\/strong>Local: <\/span><a href=\"http:\/\/www.compras.gov.br\"><span style=\"color:#0563C1; font-family:arial,sans-serif; mso-fareast-font-family:Arial\">www.compras.gov.br<\/span><\/a><span style=\"font-family:arial,sans-serif; mso-fareast-font-family:Arial\"><\/span><\/td>\r\n\t\t<\/tr>\r\n\t<\/tbody>\r\n<\/table>\r\n"},{"titulo":"Credenciamento 002\/2024","dataAtualizacao":"2025-07-07 17:29:17","dataPostagem":"2026-01-09 17:00:00","dataRealizacao":"2024-01-08 08:00:00","numeroEdital":0,"numeroProcesso":5,"modalidade":"Credenciamento","situacao":"Conclu\u00eddo","descricao":"<strong>Edital retificado em: 07\/07\/2025&nbsp;<\/strong>\r\n\r\n<table border=\"1\" cellpadding=\"0\" cellspacing=\"0\" style=\"width:490.6pt;border-collapse:collapse;border:none;mso-border-alt:solid windowtext .5pt;\r\n mso-yfti-tbllook:1184;mso-padding-alt:0cm 5.4pt 0cm 5.4pt\" width=\"654\">\r\n\t<tbody>\r\n\t\t<tr style=\"mso-yfti-irow:0;mso-yfti-firstrow:yes;mso-yfti-lastrow:yes;\r\n  height:169.65pt\">\r\n\t\t\t<td style=\"width:490.6pt;border:solid windowtext 1.0pt;\r\n  mso-border-alt:solid windowtext .5pt;padding:0cm 5.4pt 0cm 5.4pt;height:169.65pt\" valign=\"top\" width=\"654\"><span style=\"font-family:arial,sans-serif; font-size:11.5pt; line-height:150%\">O Munic&iacute;pio de Carmo do Rio Claro\/MG torna p&uacute;blica a prorroga&ccedil;&atilde;o da vig&ecirc;ncia, pelo prazo de 12 (doze) meses, do Credenciamento n&ordm; 002\/2024 para o <\/span><span style=\"font-family:arial,sans-serif; font-size:12.0pt; line-height:150%; mso-bidi-font-weight:bold\">&ldquo;Credenciamento de Artistas para Presta&ccedil;&atilde;o de Servi&ccedil;os de Shows Musicais de Pequeno Porte para Apresenta&ccedil;&atilde;o nos Eventos do Munic&iacute;pio<\/span><span style=\"font-family:arial,sans-serif; font-size:11.5pt; line-height:150%\">&rdquo;.<\/span><span style=\"font-family:arial,sans-serif; font-size:12.0pt; line-height:150%\"> <\/span><span style=\"font-family:arial,sans-serif; font-size:11.5pt; line-height:150%; mso-fareast-language:AR-SA\">O edital est&aacute; &agrave; disposi&ccedil;&atilde;o na sede do Munic&iacute;pio: Rua Delfim Moreira, n&ordm; 62, Centro, Departamento de Licita&ccedil;&otilde;es e Contratos, em dias &uacute;teis, de 08h. &agrave;s 11h. e de 12h30min. &agrave;s 17h. e no site www.carmodorioclaro.mg.gov.br e Portal Nacional de Contrata&ccedil;&otilde;es P&uacute;blicas a partir desta data. <\/span><span style=\"font-family:arial,sans-serif; font-size:11.5pt; line-height:150%\">A apresenta&ccedil;&atilde;o dos documentos para credenciamento e proposta de ades&atilde;o poder&aacute; ser feita na no Departamento de Licita&ccedil;&otilde;es e Contratos <strong>a qualquer tempo<\/strong>, at&eacute; o dia<strong> 09\/01\/2026.<span style=\"mso-bidi-font-weight:bold\"> <\/span><\/strong><\/span><\/td>\r\n\t\t<\/tr>\r\n\t<\/tbody>\r\n<\/table>\r\n"},{"titulo":"Preg\u00e3o Eletr\u00f4nico 90094\/2025","dataAtualizacao":"2026-01-22 10:27:24","dataPostagem":"2026-01-06 09:00:00","dataRealizacao":"2025-11-28 08:00:00","numeroEdital":0,"numeroProcesso":231,"modalidade":"Preg\u00e3o Eletr\u00f4nico","situacao":"Retificado","descricao":"<table border=\"1\" cellpadding=\"0\" cellspacing=\"0\" style=\"border-collapse:collapse;mso-table-layout-alt:fixed;border:none;\r\n mso-border-alt:solid black .5pt;mso-yfti-tbllook:1024;mso-padding-alt:0cm 5.4pt 0cm 5.4pt;\r\n mso-border-insideh:.5pt solid black;mso-border-insidev:.5pt solid black\" width=\"654\">\r\n\t<tbody>\r\n\t\t<tr style=\"mso-yfti-irow:0;mso-yfti-firstrow:yes;mso-yfti-lastrow:yes;\r\n  height:124.45pt\">\r\n\t\t\t<td style=\"width:490.6pt;border:solid black 1.0pt;\r\n  mso-border-alt:solid black .5pt;padding:0cm 5.4pt 0cm 5.4pt;height:124.45pt\" valign=\"top\" width=\"654\"><span style=\"font-family:arial,sans-serif; mso-fareast-font-family:Arial\">O Munic&iacute;pio de Carmo do Rio Claro\/MG torna p&uacute;blica a retifica&ccedil;&atilde;o do edital do Preg&atilde;o Eletr&ocirc;nico 90094\/2025, Crit&eacute;rio de Julgamento Menor Pre&ccedil;o, para &ldquo;Registro de Pre&ccedil;os para Futura e Eventual Aquisi&ccedil;&atilde;o de Kits Natalidade para Distribui&ccedil;&atilde;o &agrave;s Gestantes das Fam&iacute;lias Acompanhadas pelo CRAS e CREAS que Atendam aos Crit&eacute;rios Estabelecidos na Lei Municipal de Benef&iacute;cios Eventuais&rdquo;. O edital est&aacute; &agrave; disposi&ccedil;&atilde;o na sede do Munic&iacute;pio: Rua Delfim Moreira, n&ordm; 62, Centro, Departamento de Licita&ccedil;&otilde;es e Contratos Administrativos, em dias &uacute;teis, de 08h. &agrave;s 11h. e de 12h30min. &agrave;s 17h., no Portal Nacional de Contrata&ccedil;&otilde;es P&uacute;blicas e nos sites <u>www.carmodorioclaro.mg.gov.br<\/u> e <\/span><a href=\"http:\/\/www.compras.gov.br\"><span style=\"color:#0563C1; font-family:arial,sans-serif; mso-fareast-font-family:Arial\">www.compras.gov.br<\/span><\/a><span style=\"font-family:arial,sans-serif; mso-fareast-font-family:Arial\"> Abertura da Sess&atilde;o dia 06\/01\/2026, &agrave;s 09 horas. Local: <\/span><a href=\"http:\/\/www.compras.gov.br\"><span style=\"color:#0563C1; font-family:arial,sans-serif; mso-fareast-font-family:Arial\">www.compras.gov.br<\/span><\/a><span style=\"font-family:arial,sans-serif; mso-fareast-font-family:Arial\"><\/span><\/td>\r\n\t\t<\/tr>\r\n\t<\/tbody>\r\n<\/table>\r\n"},{"titulo":"Aquisi\u00e7\u00e3o de material gr\u00e1fico autoriza\u00e7\u00e3o de fornecimento de combust\u00edvel (AFC)","dataAtualizacao":"2026-01-06 10:24:21","dataPostagem":"2026-01-06 08:00:00","dataRealizacao":"2025-12-15 10:00:00","numeroEdital":90102,"numeroProcesso":248,"modalidade":"Preg\u00e3o Eletr\u00f4nico","situacao":"Aberto","descricao":"<table border=\"1\" cellpadding=\"0\" cellspacing=\"0\" style=\"width:432.1pt;border-collapse:collapse;border:none;mso-border-alt:solid windowtext .5pt;\r\n mso-yfti-tbllook:1184;mso-padding-alt:0cm 5.4pt 0cm 5.4pt\" width=\"576\">\r\n\t<tbody>\r\n\t\t<tr style=\"mso-yfti-irow:0;mso-yfti-firstrow:yes;mso-yfti-lastrow:yes;\r\n  height:175.75pt\">\r\n\t\t\t<td style=\"width:432.1pt;border:solid windowtext 1.0pt;\r\n  mso-border-alt:solid windowtext .5pt;padding:0cm 5.4pt 0cm 5.4pt;height:175.75pt\" valign=\"top\" width=\"576\"><strong><span style=\"font-family:arial,sans-serif\">PREG&Atilde;O ELETR&Ocirc;NICO 90102\/2025 &ndash; PROCESSO LICITAT&Oacute;RIO 248\/2025<\/span><\/strong><br \/>\r\n\t\t\t<span style=\"font-family:arial,sans-serif\">O Munic&iacute;pio de Carmo do Rio Claro\/MG torna p&uacute;blico o edital do Preg&atilde;o em ep&iacute;grafe, Tipo Menor Pre&ccedil;o, para &ldquo;Aquisi&ccedil;&atilde;o de material gr&aacute;fico: 200 blocos impressos de autoriza&ccedil;&atilde;o de fornecimento de combust&iacute;vel (AFC), com canhoto destac&aacute;vel, para uso e controle de abastecimento da frota Municipal e viaturas das entidades conveniadas do Munic&iacute;pio de Carmo do Rio Claro - MG&rdquo;.<\/span><br \/>\r\n\t\t\t<span style=\"font-family:arial,sans-serif\">O Edital est&aacute; dispon&iacute;vel na sede do Munic&iacute;pio, Departamento de Licita&ccedil;&otilde;es e Contratos Administrativos, Rua Delfim Moreira, n&ordm; 62, Centro, em dias &uacute;teis, de 08h &agrave;s 11h e 12h30 &agrave;s 17h., Portal Nacional de Contrata&ccedil;&otilde;es P&uacute;blicas &ndash; PNCP e nos sites <\/span><a href=\"http:\/\/www.carmodorioclaro.mg.gov.br\"><span style=\"font-family:arial,sans-serif\">www.carmodorioclaro.mg.gov.br<\/span><\/a><span style=\"font-family:arial,sans-serif\"> e <\/span><a href=\"http:\/\/www.compras.gov.br\"><span style=\"font-family:arial,sans-serif\">www.compras.gov.br<\/span><\/a><span style=\"font-family:arial,sans-serif\"> <span style=\"mso-bidi-font-weight:bold\">Abertura da Sess&atilde;o dia <strong>06\/01\/2026<\/strong> &agrave;s <strong>08 horas.<\/strong> Local: <\/span><\/span><a href=\"http:\/\/www.compras.gov.br\"><span style=\"font-family:arial,sans-serif; mso-bidi-font-weight:bold\">www.compras.gov.br<\/span><\/a><span style=\"font-family:arial,sans-serif\">.<\/span><\/td>\r\n\t\t<\/tr>\r\n\t<\/tbody>\r\n<\/table>\r\n"},{"titulo":"Preg\u00e3o Eletr\u00f4nico 90100\/2025","dataAtualizacao":"2026-01-16 13:16:55","dataPostagem":"2026-01-05 09:00:00","dataRealizacao":"2025-12-15 09:00:00","numeroEdital":0,"numeroProcesso":245,"modalidade":"Preg\u00e3o Eletr\u00f4nico","situacao":"Aberto","descricao":"<table border=\"1\" cellpadding=\"0\" cellspacing=\"0\" style=\"border-collapse:collapse;mso-table-layout-alt:fixed;border:none;\r\n mso-border-alt:solid black .5pt;mso-yfti-tbllook:1024;mso-padding-alt:0cm 5.4pt 0cm 5.4pt;\r\n mso-border-insideh:.5pt solid black;mso-border-insidev:.5pt solid black\" width=\"654\">\r\n\t<tbody>\r\n\t\t<tr style=\"mso-yfti-irow:0;mso-yfti-firstrow:yes;mso-yfti-lastrow:yes;\r\n  height:124.45pt\">\r\n\t\t\t<td style=\"width:490.6pt;border:solid black 1.0pt;\r\n  mso-border-alt:solid black .5pt;padding:0cm 5.4pt 0cm 5.4pt;height:124.45pt\" valign=\"top\" width=\"654\"><span style=\"font-family:arial,sans-serif; mso-fareast-font-family:Arial\">O Munic&iacute;pio de Carmo do Rio Claro\/MG torna p&uacute;blica a retifica&ccedil;&atilde;o do edital do Preg&atilde;o Eletr&ocirc;nico 90100\/2025, Crit&eacute;rio de Julgamento Menor Pre&ccedil;o, para &ldquo;Registro de Pre&ccedil;os para Futura e Eventual Aquisi&ccedil;&atilde;o de G&aacute;s de Cozinha em Botij&otilde;es de 13Kg e &Aacute;gua Mineral em Garraf&otilde;es de 20 Litros, para Fornecimento nos Diversos Setores do Munic&iacute;pio&rdquo;. O edital est&aacute; &agrave; disposi&ccedil;&atilde;o na sede do Munic&iacute;pio: Rua Delfim Moreira, n&ordm; 62, Centro, Departamento de Licita&ccedil;&otilde;es e Contratos Administrativos, em dias &uacute;teis, de 08h. &agrave;s 11h. e de 12h30min. &agrave;s 17h., no Portal Nacional de Contrata&ccedil;&otilde;es P&uacute;blicas e nos sites <u>www.carmodorioclaro.mg.gov.br<\/u> e <\/span><a href=\"http:\/\/www.compras.gov.br\"><span style=\"color:#0563C1; font-family:arial,sans-serif; mso-fareast-font-family:Arial\">www.compras.gov.br<\/span><\/a><span style=\"font-family:arial,sans-serif; mso-fareast-font-family:Arial\"> Abertura da Sess&atilde;o dia <strong>05\/01\/2026,<\/strong> &agrave;s <strong>09 horas<\/strong>. Local: <\/span><a href=\"http:\/\/www.compras.gov.br\"><span style=\"color:#0563C1; font-family:arial,sans-serif; mso-fareast-font-family:Arial\">www.compras.gov.br<\/span><\/a><span style=\"font-family:arial,sans-serif; mso-fareast-font-family:Arial\"><\/span><\/td>\r\n\t\t<\/tr>\r\n\t<\/tbody>\r\n<\/table>\r\n"},{"titulo":"PREG\u00c3O ELETRONICO N\u00ba 90101\/2025","dataAtualizacao":"2026-01-20 14:49:56","dataPostagem":"2026-01-05 09:00:00","dataRealizacao":"2025-12-12 08:00:00","numeroEdital":0,"numeroProcesso":246,"modalidade":"Preg\u00e3o Eletr\u00f4nico","situacao":"Aberto","descricao":"<table border=\"1\" cellpadding=\"0\" cellspacing=\"0\" style=\"width:490.6pt;border-collapse:collapse;border:none;mso-border-alt:solid windowtext .5pt;\r\n mso-yfti-tbllook:1184;mso-padding-alt:0cm 5.4pt 0cm 5.4pt\" width=\"654\">\r\n\t<tbody>\r\n\t\t<tr style=\"mso-yfti-irow:0;mso-yfti-firstrow:yes;mso-yfti-lastrow:yes;\r\n  height:124.45pt\">\r\n\t\t\t<td style=\"width:490.6pt;border:solid windowtext 1.0pt;\r\n  mso-border-alt:solid windowtext .5pt;padding:0cm 5.4pt 0cm 5.4pt;height:124.45pt\" valign=\"top\" width=\"654\"><span style=\"font-family:arial,sans-serif; font-size:11.5pt; line-height:150%\">O Munic&iacute;pio de Carmo do Rio Claro\/MG torna p&uacute;blico o Aviso de Edital do <span style=\"mso-bidi-font-weight:bold\">Preg&atilde;o Eletr&ocirc;nico N&ordm; 90101\/2025, Crit&eacute;rio de Julgamento Menor Pre&ccedil;o<\/span>, para o &ldquo;Registro de Pre&ccedil;os para a futura e eventual Loca&ccedil;&atilde;o de Estruturas e Servi&ccedil;os de Montagem e Desmontagem para comporem os eventos realizados pelas Secretarias Municipais&rdquo;<strong>. <\/strong><\/span><span style=\"font-family:arial,sans-serif; mso-bidi-font-weight:bold\">O Edital est&aacute; &agrave; disposi&ccedil;&atilde;o na sede do Munic&iacute;pio: Rua Delfim Moreira, n&ordm; 62, Centro, Departamento de Licita&ccedil;&otilde;es e Contratos Administrativos, em dias &uacute;teis, das 08:00 &agrave;s 11:00 horas e das 13:00 &agrave;s 17:00 horas, e nos sites <u>www.carmodorioclaro.mg.gov.br,<\/u> <\/span><a href=\"http:\/\/www.compras.gov.br\"><span style=\"font-family:arial,sans-serif; mso-bidi-font-weight:bold\">www.compras.gov.br<\/span><\/a><span style=\"font-family:arial,sans-serif; mso-bidi-font-weight:bold\"> e Portal Nacional de Contrata&ccedil;&otilde;es P&uacute;blicas. Abertura da Sess&atilde;o dia <\/span><strong><span style=\"font-family:arial,sans-serif\">05\/01\/2026<\/span><\/strong><span style=\"font-family:arial,sans-serif; mso-bidi-font-weight:bold\">, &agrave;s <strong>09:00 horas<\/strong>. Local: <\/span><a href=\"http:\/\/www.compras.gov.br\"><span style=\"font-family:arial,sans-serif; mso-bidi-font-weight:bold\">www.compras.gov.br<\/span><\/a><span style=\"font-family:arial,sans-serif; font-size:12.0pt; line-height:150%\"><\/span><\/td>\r\n\t\t<\/tr>\r\n\t<\/tbody>\r\n<\/table>\r\n"},{"titulo":"Preg\u00e3o Eletr\u00f4nico 90104\/2025","dataAtualizacao":"2026-01-07 08:43:55","dataPostagem":"2025-12-31 17:00:00","dataRealizacao":"2025-12-29 16:22:00","numeroEdital":0,"numeroProcesso":253,"modalidade":"Preg\u00e3o Eletr\u00f4nico","situacao":"Homologado","descricao":"<br \/>\r\n<strong><span style=\"font-family:arial,sans-serif; font-size:10.0pt\">PROCESSO ADMINISTRATIVO 253\/2025 <\/span><\/strong><strong><span style=\"font-family:arial,sans-serif; font-size:10.0pt; mso-fareast-font-family:Arial\">&ndash;<\/span><\/strong><strong><span style=\"font-family:arial,sans-serif; font-size:10.0pt\"> PREG&Atilde;O ELETR&Ocirc;NICO 90104\/2025 <\/span><\/strong><strong><span style=\"font-family:arial,sans-serif; font-size:10.0pt; mso-fareast-font-family:Arial\">&ndash;<\/span><\/strong><strong><span style=\"font-family:arial,sans-serif; font-size:10.0pt\"> REG. PRE&Ccedil;OS 070\/2025<\/span><\/strong><br \/>\r\n<strong><span style=\"font-family:arial,sans-serif; font-size:10.0pt; line-height:107%; mso-fareast-font-family:Arial\"><span style=\"mso-spacerun:yes\">&nbsp;<\/span><\/span><\/strong><span style=\"font-size:10.0pt; line-height:107%\"><\/span><br \/>\r\n<strong><span style=\"font-family:arial,sans-serif; font-size:10.0pt; line-height:107%; mso-fareast-font-family:Arial\">AVISO DE INTEN&Ccedil;&Atilde;O DE ADES&Atilde;O &Agrave; ATA DE REGISTRO DE PRE&Ccedil;OS 022\/2024, ORIUNDA DO PREG&Atilde;O ELETR&Ocirc;NICO 022\/2024 DO CIRAU &ndash; CONS&Oacute;RCIO INTERMUNICIPAL DA REGI&Atilde;O DO ALTO URUGUAI<\/span><\/strong><span style=\"font-size:10.0pt; line-height:107%\"><\/span><br \/>\r\n<span style=\"font-family:arial,sans-serif; font-size:8.0pt; line-height:107%; mso-bidi-font-size:10.0pt; mso-fareast-font-family:Arial\"><span style=\"mso-spacerun:yes\">&nbsp;<\/span><\/span><br \/>\r\n<span style=\"font-family:arial,sans-serif; font-size:9.0pt; line-height:107%; mso-bidi-font-size:11.0pt; mso-fareast-font-family:Arial\">O Munic&iacute;pio de Carmo do Rio Claro\/MG, atrav&eacute;s das Secretarias Municipais de Educa&ccedil;&atilde;o e Sa&uacute;de, torna p&uacute;blica a INTEN&Ccedil;&Atilde;O DE ADES&Atilde;O A ATA DE REGISTRO DE PRE&Ccedil;OS para <em>&ldquo;Aquisi&ccedil;&atilde;o de Kit Veicular para Acessibilidade em Vans com a Presta&ccedil;&atilde;o de Servi&ccedil;o de Transforma&ccedil;&atilde;o e Instala&ccedil;&atilde;o, para as Secretarias Municipais de Educa&ccedil;&atilde;o e Sa&uacute;de, atrav&eacute;s da ades&atilde;o &agrave; Ata n&ordm; 22\/2024, Oriunda do Preg&atilde;o Eletr&ocirc;nico 022\/2024 do CIRAU &ndash; Cons&oacute;rcio Intermunicipal da Regi&atilde;o do Alto Uruguai&rdquo;.<\/em><\/span><br \/>\r\n<strong><span style=\"font-family:arial,sans-serif; font-size:9.0pt; line-height:107%; mso-bidi-font-size:11.0pt; mso-fareast-font-family:Arial\">Fornecedor:<\/span><\/strong><span style=\"font-family:arial,sans-serif; font-size:9.0pt; line-height:107%; mso-bidi-font-size:11.0pt; mso-fareast-font-family:Arial\"> TCA TRANSFORMA&Ccedil;&Otilde;ES VEICULARES LTDA, pessoa jur&iacute;dica de direito privado, inscrita no CNPJ sob n&ordm; 08.389.661\/0001-62, com sede na ROD RS 135 KM 70, N&deg; 3999, Santo Ant&ocirc;nio, Erechim \/RS Cep: 99710-557.<\/span><br \/>\r\n&nbsp;\r\n<div><strong><span style=\"font-family:arial,sans-serif; font-size:10.0pt; line-height:107%; mso-bidi-font-size:12.0pt; mso-fareast-font-family:Arial\">Valor Total: R$ 150.000,00 (Cento e cinquenta mil Reais).<\/span><\/strong><span style=\"font-family:arial,sans-serif; font-size:5.0pt; line-height:150%\">&nbsp;<\/span><\/div>\r\n<strong><span style=\"font-family:arial,sans-serif; font-size:10.0pt; line-height:107%; mso-ansi-language:PT-BR; mso-bidi-language:AR-SA; mso-fareast-font-family:Calibri; mso-fareast-language:EN-US; mso-fareast-theme-font:minor-latin\"><\/span><\/strong><br \/>\r\n<strong><span style=\"font-family:arial,sans-serif; font-size:10.0pt; line-height:107%\">LENISE MARIA DE SOUZA<\/span><\/strong><br \/>\r\n<strong><span style=\"font-family:arial,sans-serif; font-size:10.0pt; line-height:107%\">SECRET&Aacute;RIA MUNICIPAL DE EDUCA&Ccedil;&Atilde;O<\/span><\/strong><br \/>\r\n<strong><span style=\"font-family:arial,sans-serif; font-size:6.0pt; line-height:107%\">&nbsp;<\/span><\/strong><br \/>\r\n<strong><span style=\"font-family:arial,sans-serif; font-size:10.0pt; line-height:107%\">PAULA REIS SANTANA<\/span><\/strong><br \/>\r\n<strong><span style=\"font-family:arial,sans-serif; font-size:10.0pt; line-height:107%\">SECRET&Aacute;RIA MUNICIPAL DE SA&Uacute;DE<\/span><\/strong><br \/>\r\n&nbsp;"},{"titulo":"Preg\u00e3o 90091\/2025 - Confec\u00e7\u00e3o de Mangueiras hidr\u00e1ulicas","dataAtualizacao":"2026-01-20 10:20:35","dataPostagem":"2025-12-17 08:00:00","dataRealizacao":"2025-12-02 10:00:00","numeroEdital":90091,"numeroProcesso":226,"modalidade":"Preg\u00e3o Eletr\u00f4nico","situacao":"Aberto","descricao":"<table border=\"1\" cellpadding=\"0\" cellspacing=\"0\" style=\"width:432.1pt;border-collapse:collapse;border:none;mso-border-alt:solid windowtext .5pt;\r\n mso-yfti-tbllook:1184;mso-padding-alt:0cm 5.4pt 0cm 5.4pt\" width=\"576\">\r\n\t<tbody>\r\n\t\t<tr style=\"mso-yfti-irow:0;mso-yfti-firstrow:yes;mso-yfti-lastrow:yes;\r\n  height:175.75pt\">\r\n\t\t\t<td style=\"width:432.1pt;border:solid windowtext 1.0pt;\r\n  mso-border-alt:solid windowtext .5pt;padding:0cm 5.4pt 0cm 5.4pt;height:175.75pt\" valign=\"top\" width=\"576\"><strong><span style=\"font-family:arial,sans-serif\">PREG&Atilde;O ELETR&Ocirc;NICO 90091\/2025 &ndash; PROCESSO LICITAT&Oacute;RIO 226\/2025<\/span><\/strong><br \/>\r\n\t\t\t<span style=\"font-family:arial,sans-serif\">O Munic&iacute;pio de Carmo do Rio Claro\/MG torna p&uacute;blico o edital do Preg&atilde;o em ep&iacute;grafe, Tipo Menor Pre&ccedil;o, para &ldquo;Contrata&ccedil;&atilde;o de empresa para Presta&ccedil;&atilde;o de Servi&ccedil;os de Confec&ccedil;&atilde;o de Mangueiras Hidr&aacute;ulicas, destinadas ao uso em ve&iacute;culos pesados e m&aacute;quinas da frota Municipal, por um per&iacute;odo de 12 (doze) meses&rdquo;.<\/span><br \/>\r\n\t\t\t<span style=\"font-family:arial,sans-serif\">O Edital est&aacute; dispon&iacute;vel na sede do Munic&iacute;pio, Departamento de Licita&ccedil;&otilde;es e Contratos Administrativos, Rua Delfim Moreira, n&ordm; 62, Centro, em dias &uacute;teis, de 08h &agrave;s 11h e 12h30 &agrave;s 17h., Portal Nacional de Contrata&ccedil;&otilde;es P&uacute;blicas &ndash; PNCP e nos sites <\/span><a href=\"http:\/\/www.carmodorioclaro.mg.gov.br\"><span style=\"font-family:arial,sans-serif\">www.carmodorioclaro.mg.gov.br<\/span><\/a><span style=\"font-family:arial,sans-serif\"> e <\/span><a href=\"http:\/\/www.compras.gov.br\"><span style=\"font-family:arial,sans-serif\">www.compras.gov.br<\/span><\/a><span style=\"font-family:arial,sans-serif\"> <span style=\"mso-bidi-font-weight:bold\">Abertura da Sess&atilde;o dia <strong>17\/12\/2025<\/strong> &agrave;s <strong>08 horas.<\/strong> Local: <\/span><\/span><a href=\"http:\/\/www.compras.gov.br\"><span style=\"font-family:arial,sans-serif; mso-bidi-font-weight:bold\">www.compras.gov.br<\/span><\/a><span style=\"font-family:arial,sans-serif\">.<\/span><\/td>\r\n\t\t<\/tr>\r\n\t<\/tbody>\r\n<\/table>\r\n"},{"titulo":"PREG\u00c3O ELETRONICO N\u00ba 90098\/2025","dataAtualizacao":"2026-02-10 09:26:45","dataPostagem":"2025-12-15 09:00:00","dataRealizacao":"2025-12-01 08:00:00","numeroEdital":0,"numeroProcesso":238,"modalidade":"Preg\u00e3o Eletr\u00f4nico","situacao":"Aberto","descricao":"<table border=\"1\" cellpadding=\"0\" cellspacing=\"0\" style=\"width:490.6pt;border-collapse:collapse;border:none;mso-border-alt:solid windowtext .5pt;\r\n mso-yfti-tbllook:1184;mso-padding-alt:0cm 5.4pt 0cm 5.4pt\" width=\"654\">\r\n\t<tbody>\r\n\t\t<tr style=\"mso-yfti-irow:0;mso-yfti-firstrow:yes;mso-yfti-lastrow:yes;\r\n  height:124.45pt\">\r\n\t\t\t<td style=\"width:490.6pt;border:solid windowtext 1.0pt;\r\n  mso-border-alt:solid windowtext .5pt;padding:0cm 5.4pt 0cm 5.4pt;height:124.45pt\" valign=\"top\" width=\"654\"><span style=\"font-family:arial,sans-serif; font-size:11.5pt; line-height:150%\">O Munic&iacute;pio de Carmo do Rio Claro\/MG torna p&uacute;blico o Aviso de Edital do <span style=\"mso-bidi-font-weight:bold\">Preg&atilde;o Eletr&ocirc;nico N&ordm; 90098\/2025, Crit&eacute;rio de Julgamento Menor Pre&ccedil;o<\/span>, para o Registro de Pre&ccedil;os para futura e eventual aquisi&ccedil;&atilde;o de Medicamentos decorrentes de Demandas Judiciais<strong>. <\/strong><\/span><span style=\"font-family:arial,sans-serif; mso-bidi-font-weight:bold\">O Edital est&aacute; &agrave; disposi&ccedil;&atilde;o na sede do Munic&iacute;pio: Rua Delfim Moreira, n&ordm; 62, Centro, Departamento de Licita&ccedil;&otilde;es e Contratos Administrativos, em dias &uacute;teis, das 08:00 &agrave;s 11:00 horas e das 13:00 &agrave;s 17:00 horas, e nos sites <u>www.carmodorioclaro.mg.gov.br,<\/u> <\/span><a href=\"http:\/\/www.compras.gov.br\"><span style=\"font-family:arial,sans-serif; mso-bidi-font-weight:bold\">www.compras.gov.br<\/span><\/a><span style=\"font-family:arial,sans-serif; mso-bidi-font-weight:bold\"> e Portal Nacional de Contrata&ccedil;&otilde;es P&uacute;blicas. Abertura da Sess&atilde;o dia <\/span><strong><span style=\"font-family:arial,sans-serif\">15\/12\/2025<\/span><\/strong><span style=\"font-family:arial,sans-serif; mso-bidi-font-weight:bold\">, &agrave;s <strong>09:00 horas<\/strong>. Local: <\/span><a href=\"http:\/\/www.compras.gov.br\"><span style=\"font-family:arial,sans-serif; mso-bidi-font-weight:bold\">www.compras.gov.br<\/span><\/a><span style=\"font-family:arial,sans-serif; font-size:12.0pt; line-height:150%\"><\/span><\/td>\r\n\t\t<\/tr>\r\n\t<\/tbody>\r\n<\/table>\r\n"},{"titulo":"PREG\u00c3O ELETRONICO N\u00ba 90097\/2025","dataAtualizacao":"2026-01-26 10:52:32","dataPostagem":"2025-12-15 09:00:00","dataRealizacao":"2025-12-03 08:00:00","numeroEdital":0,"numeroProcesso":237,"modalidade":"Preg\u00e3o Eletr\u00f4nico","situacao":"Aberto","descricao":"<table border=\"1\" cellpadding=\"0\" cellspacing=\"0\" style=\"width:490.6pt;border-collapse:collapse;border:none;mso-border-alt:solid windowtext .5pt;\r\n mso-yfti-tbllook:1184;mso-padding-alt:0cm 5.4pt 0cm 5.4pt\" width=\"654\">\r\n\t<tbody>\r\n\t\t<tr style=\"mso-yfti-irow:0;mso-yfti-firstrow:yes;mso-yfti-lastrow:yes;\r\n  height:124.45pt\">\r\n\t\t\t<td style=\"width:490.6pt;border:solid windowtext 1.0pt;\r\n  mso-border-alt:solid windowtext .5pt;padding:0cm 5.4pt 0cm 5.4pt;height:124.45pt\" valign=\"top\" width=\"654\"><span style=\"font-family:arial,sans-serif; font-size:11.5pt; line-height:150%\">O Munic&iacute;pio de Carmo do Rio Claro\/MG torna p&uacute;blico o Aviso de Edital do <span style=\"mso-bidi-font-weight:bold\">Preg&atilde;o Eletr&ocirc;nico N&ordm; 90097\/2025, Crit&eacute;rio de Julgamento Menor Pre&ccedil;o<\/span>, para o &ldquo;Registro de Pre&ccedil;os para futura e eventual aquisi&ccedil;&atilde;o de Fraldas Descart&aacute;veis Geri&aacute;tricas&rdquo;<strong>. <\/strong><\/span><span style=\"font-family:arial,sans-serif; mso-bidi-font-weight:bold\">O Edital est&aacute; &agrave; disposi&ccedil;&atilde;o na sede do Munic&iacute;pio: Rua Delfim Moreira, n&ordm; 62, Centro, Departamento de Licita&ccedil;&otilde;es e Contratos Administrativos, em dias &uacute;teis, das 08:00 &agrave;s 11:00 horas e das 13:00 &agrave;s 17:00 horas, e nos sites <u>www.carmodorioclaro.mg.gov.br,<\/u> <\/span><a href=\"http:\/\/www.compras.gov.br\"><span style=\"font-family:arial,sans-serif; mso-bidi-font-weight:bold\">www.compras.gov.br<\/span><\/a><span style=\"font-family:arial,sans-serif; mso-bidi-font-weight:bold\"> e Portal Nacional de Contrata&ccedil;&otilde;es P&uacute;blicas. Abertura da Sess&atilde;o dia <\/span><strong><span style=\"font-family:arial,sans-serif\">15\/12\/2025<\/span><\/strong><span style=\"font-family:arial,sans-serif; mso-bidi-font-weight:bold\">, &agrave;s <strong>09:00 horas<\/strong>. Local: <\/span><a href=\"http:\/\/www.compras.gov.br\"><span style=\"font-family:arial,sans-serif; mso-bidi-font-weight:bold\">www.compras.gov.br<\/span><\/a><span style=\"font-family:arial,sans-serif; font-size:12.0pt; line-height:150%\"><\/span><\/td>\r\n\t\t<\/tr>\r\n\t<\/tbody>\r\n<\/table>\r\n"},{"titulo":"Preg\u00e3o Eletr\u00f4nico 90086\/2025","dataAtualizacao":"2026-01-30 10:27:58","dataPostagem":"2025-12-11 09:00:00","dataRealizacao":"2025-11-27 09:00:00","numeroEdital":0,"numeroProcesso":205,"modalidade":"Preg\u00e3o Eletr\u00f4nico","situacao":"Retificado","descricao":"<table border=\"1\" cellpadding=\"0\" cellspacing=\"0\" style=\"border-collapse:collapse;mso-table-layout-alt:fixed;border:none;\r\n mso-border-alt:solid black .5pt;mso-yfti-tbllook:1024;mso-padding-alt:0cm 5.4pt 0cm 5.4pt;\r\n mso-border-insideh:.5pt solid black;mso-border-insidev:.5pt solid black\" width=\"654\">\r\n\t<tbody>\r\n\t\t<tr style=\"mso-yfti-irow:0;mso-yfti-firstrow:yes;mso-yfti-lastrow:yes;\r\n  height:124.45pt\">\r\n\t\t\t<td style=\"width:490.6pt;border:solid black 1.0pt;\r\n  mso-border-alt:solid black .5pt;padding:0cm 5.4pt 0cm 5.4pt;height:124.45pt\" valign=\"top\" width=\"654\"><span style=\"font-family:arial,sans-serif; mso-fareast-font-family:Arial\">O Munic&iacute;pio de Carmo do Rio Claro\/MG torna p&uacute;blica a retifica&ccedil;&atilde;o do edital do Preg&atilde;o Eletr&ocirc;nico 90086\/2025, Crit&eacute;rio de Julgamento Menor Pre&ccedil;o, para &ldquo;Registro de Pre&ccedil;os para Futura e Eventual Aquisi&ccedil;&atilde;o de M&oacute;veis e Equipamentos Hospitalares&rdquo;. O edital est&aacute; &agrave; disposi&ccedil;&atilde;o na sede do Munic&iacute;pio: Rua Delfim Moreira, n&ordm; 62, Centro, Departamento de Licita&ccedil;&otilde;es e Contratos Administrativos, em dias &uacute;teis, de 08h. &agrave;s 11h. e de 12h30min. &agrave;s 17h., no Portal Nacional de Contrata&ccedil;&otilde;es P&uacute;blicas e nos sites <u>www.carmodorioclaro.mg.gov.br<\/u> e <\/span><a href=\"http:\/\/www.compras.gov.br\"><span style=\"color:#0563C1; font-family:arial,sans-serif; mso-fareast-font-family:Arial\">www.compras.gov.br<\/span><\/a><span style=\"font-family:arial,sans-serif; mso-fareast-font-family:Arial\"> Abertura da Sess&atilde;o dia 11\/12\/2025, &agrave;s 09 horas. Local: <\/span><a href=\"http:\/\/www.compras.gov.br\"><span style=\"color:#0563C1; font-family:arial,sans-serif; mso-fareast-font-family:Arial\">www.compras.gov.br<\/span><\/a><span style=\"font-family:arial,sans-serif; mso-fareast-font-family:Arial\"><\/span><\/td>\r\n\t\t<\/tr>\r\n\t<\/tbody>\r\n<\/table>\r\n"},{"titulo":"PREG\u00c3O ELETRONICO N\u00ba 90093\/2025","dataAtualizacao":"2026-01-28 13:36:50","dataPostagem":"2025-12-11 09:00:00","dataRealizacao":"2025-11-27 08:00:00","numeroEdital":0,"numeroProcesso":230,"modalidade":"Preg\u00e3o Eletr\u00f4nico","situacao":"Aberto","descricao":"<div style=\"text-align: center;\"><u><strong><span style=\"background:white; color:#575757; font-size:10.0pt; line-height:115%\">DESIGNA&Ccedil;&Atilde;O DE SESS&Atilde;O P&Uacute;BLICA AP&Oacute;S REALIZA&Ccedil;&Atilde;O DA PROVA DE CONCEITO<\/span><\/strong><\/u><strong><span style=\"color:#575757; font-size:10.0pt; line-height:115%\"><\/span><\/strong><\/div>\r\n<br \/>\r\n<span style=\"font-size:12.0pt; line-height:115%\">- <span style=\"background:#F0F6FE; color:#333333\">Foi designada a data da sess&atilde;o p&uacute;blica para o prosseguimento do Preg&atilde;o Eletr&ocirc;nico&nbsp;N&ordm; 90093\/2025, ap&oacute;s a realiza&ccedil;&atilde;o da Prova de Conceito pela Comiss&atilde;o, conforme disposto no Termo de Refer&ecirc;ncia. A ata com o registro do resultado da avalia&ccedil;&atilde;o est&aacute; dispon&iacute;vel no s&iacute;tio eletr&ocirc;nico do Munic&iacute;pio, no link a seguir: <\/span><\/span><a href=\"https:\/\/www.carmodorioclaro.mg.gov.br\/portal\/editais\/0\/1\/6201\/\">https:\/\/www.carmodorioclaro.mg.gov.br\/portal\/editais\/0\/1\/6201\/<\/a><br \/>\r\n<span style=\"font-size:12.0pt; line-height:115%\">&nbsp;<\/span><br \/>\r\n<span style=\"font-size:12.0pt; line-height:115%\">- <span style=\"background:#F0F6FE; color:#333333\">A sess&atilde;o p&uacute;blica para a continuidade do certame foi designada para o dia <strong><u>16\/01\/2026, sexta-feira, &agrave;s 09:00 horas<\/u><\/strong>, para o registro de aceita&ccedil;&atilde;o ou n&atilde;o da proposta e posteriores fases do Preg&atilde;o.<\/span><\/span><br \/>\r\n<span style=\"background:#F0F6FE; color:#333333; font-size:12.0pt; line-height:115%\">&nbsp;<\/span><br \/>\r\n<span style=\"background:#F0F6FE; color:#333333; font-size:12.0pt; line-height:115%\">- A presente designa&ccedil;&atilde;o est&aacute; sendo informada atrav&eacute;s do chat do Preg&atilde;o, no s&iacute;tio eletr&ocirc;nico oficial do Munic&iacute;pio, no quadro de avisos deste preg&atilde;o no sistema eletr&ocirc;nico, assim como atrav&eacute;s dos endere&ccedil;os de e-mail informados pelas licitantes em seus cadastros no SICAF, conforme item 19.5 do Edital.<\/span><br \/>\r\n<br \/>\r\n<br \/>\r\n<span new=\"\" roman=\"\" style=\"color:#575757; font-family:rawline,serif\" times=\"\"><br \/>\r\n<!--[endif]--><\/span><br \/>\r\n&nbsp;"},{"titulo":"Credenciamento 017\/2024","dataAtualizacao":"2026-03-03 16:53:52","dataPostagem":"2025-11-08 17:00:00","dataRealizacao":"2024-11-07 15:00:00","numeroEdital":0,"numeroProcesso":299,"modalidade":"Credenciamento","situacao":"Conclu\u00eddo","descricao":"<table border=\"1\" cellpadding=\"0\" cellspacing=\"0\" style=\"width:490.6pt;border-collapse:collapse;border:none;mso-border-alt:solid windowtext .5pt;\r\n mso-yfti-tbllook:1184;mso-padding-alt:0cm 5.4pt 0cm 5.4pt\" width=\"654\">\r\n\t<tbody>\r\n\t\t<tr style=\"mso-yfti-irow:0;mso-yfti-firstrow:yes;mso-yfti-lastrow:yes;\r\n  height:169.65pt\">\r\n\t\t\t<td style=\"width:490.6pt;border:solid windowtext 1.0pt;\r\n  mso-border-alt:solid windowtext .5pt;padding:0cm 5.4pt 0cm 5.4pt;height:169.65pt\" valign=\"top\" width=\"654\"><span style=\"font-family:arial,sans-serif; font-size:11.5pt; line-height:150%\">O Munic&iacute;pio de Carmo do Rio Claro\/MG torna p&uacute;blico o edital de Credenciamento n&ordm; 017\/2024 para o <\/span><span style=\"font-family:arial,sans-serif; font-size:12.0pt; line-height:150%; mso-bidi-font-weight:bold\">&ldquo;Credenciamento de Pessoas F&iacute;sicas ou Jur&iacute;dicas para a Presta&ccedil;&atilde;o de Servi&ccedil;o de Atendimento M&eacute;dico na Especialidade Pediatria, em Regime de Plant&atilde;o 12 Horas, no Pronto Atendimento Municipal<\/span><span style=\"font-family:arial,sans-serif; font-size:11.5pt; line-height:150%\">&rdquo;.<\/span><span style=\"font-family:arial,sans-serif; font-size:12.0pt; line-height:150%\"> <\/span><span style=\"font-family:arial,sans-serif; font-size:11.5pt; line-height:150%; mso-fareast-language:AR-SA\">O edital est&aacute; &agrave; disposi&ccedil;&atilde;o na sede do Munic&iacute;pio: Rua Delfim Moreira, n&ordm; 62, Centro, Departamento de Licita&ccedil;&otilde;es e Contratos, em dias &uacute;teis, de 08h. &agrave;s 11h. e de 12h30min. &agrave;s 17h. e no site www.carmodorioclaro.mg.gov.br e Portal Nacional de Contrata&ccedil;&otilde;es P&uacute;blicas a partir desta data. <\/span><span style=\"font-family:arial,sans-serif; font-size:11.5pt; line-height:150%\">A apresenta&ccedil;&atilde;o dos documentos para credenciamento e proposta de ades&atilde;o poder&aacute; ser feita na no Departamento de Licita&ccedil;&otilde;es e Contratos <strong>a qualquer tempo<\/strong>, &agrave; partir de <strong>08\/11\/2024<\/strong>, at&eacute; o dia<strong> 08\/11\/2025.<span style=\"mso-bidi-font-weight:bold\"> <\/span><\/strong><\/span><\/td>\r\n\t\t<\/tr>\r\n\t<\/tbody>\r\n<\/table>\r\n"},{"titulo":"Credenciamento 015\/2024","dataAtualizacao":"2026-03-04 09:14:18","dataPostagem":"2025-11-01 17:00:00","dataRealizacao":"2024-10-31 15:00:00","numeroEdital":0,"numeroProcesso":296,"modalidade":"Credenciamento","situacao":"Conclu\u00eddo","descricao":"<table border=\"1\" cellpadding=\"0\" cellspacing=\"0\" style=\"width:490.6pt;border-collapse:collapse;border:none;mso-border-alt:solid windowtext .5pt;\r\n mso-yfti-tbllook:1184;mso-padding-alt:0cm 5.4pt 0cm 5.4pt\" width=\"654\">\r\n\t<tbody>\r\n\t\t<tr style=\"mso-yfti-irow:0;mso-yfti-firstrow:yes;mso-yfti-lastrow:yes;\r\n  height:169.65pt\">\r\n\t\t\t<td style=\"width:490.6pt;border:solid windowtext 1.0pt;\r\n  mso-border-alt:solid windowtext .5pt;padding:0cm 5.4pt 0cm 5.4pt;height:169.65pt\" valign=\"top\" width=\"654\"><span style=\"font-family:arial,sans-serif; font-size:11.5pt; line-height:150%\">O Munic&iacute;pio de Carmo do Rio Claro\/MG torna p&uacute;blico o edital de Credenciamento n&ordm; 015\/2024 para o <\/span><span style=\"font-family:arial,sans-serif; font-size:12.0pt; line-height:150%; mso-bidi-font-weight:bold\">&ldquo;Credenciamento de DJ&rsquo;s (Disc-Jockeys) para Apresenta&ccedil;&otilde;es Art&iacute;sticas Musicais em Eventos do Munic&iacute;pio<\/span><span style=\"font-family:arial,sans-serif; font-size:11.5pt; line-height:150%\">&rdquo;.<\/span><span style=\"font-family:arial,sans-serif; font-size:12.0pt; line-height:150%\"> <\/span><span style=\"font-family:arial,sans-serif; font-size:11.5pt; line-height:150%; mso-fareast-language:AR-SA\">O edital est&aacute; &agrave; disposi&ccedil;&atilde;o na sede do Munic&iacute;pio: Rua Delfim Moreira, n&ordm; 62, Centro, Departamento de Licita&ccedil;&otilde;es e Contratos, em dias &uacute;teis, de 08h. &agrave;s 11h. e de 12h30min. &agrave;s 17h. e no site www.carmodorioclaro.mg.gov.br e Portal Nacional de Contrata&ccedil;&otilde;es P&uacute;blicas a partir desta data. <\/span><span style=\"font-family:arial,sans-serif; font-size:11.5pt; line-height:150%\">A apresenta&ccedil;&atilde;o dos documentos para credenciamento e proposta de ades&atilde;o poder&aacute; ser feita na no Departamento de Licita&ccedil;&otilde;es e Contratos <strong>a qualquer tempo<\/strong>, &agrave; partir de <strong>01\/11\/2024<\/strong>, at&eacute; o dia<strong> 01\/11\/2025.<span style=\"mso-bidi-font-weight:bold\"> <\/span><\/strong><\/span><\/td>\r\n\t\t<\/tr>\r\n\t<\/tbody>\r\n<\/table>\r\n"},{"titulo":"Credenciamento 016\/2024","dataAtualizacao":"2026-03-03 16:59:06","dataPostagem":"2025-11-01 17:00:00","dataRealizacao":"2024-11-01 08:00:00","numeroEdital":0,"numeroProcesso":298,"modalidade":"Credenciamento","situacao":"Conclu\u00eddo","descricao":"<table border=\"1\" cellpadding=\"0\" cellspacing=\"0\" style=\"width:490.6pt;border-collapse:collapse;border:none;mso-border-alt:solid windowtext .5pt;\r\n mso-yfti-tbllook:1184;mso-padding-alt:0cm 5.4pt 0cm 5.4pt\" width=\"654\">\r\n\t<tbody>\r\n\t\t<tr style=\"mso-yfti-irow:0;mso-yfti-firstrow:yes;mso-yfti-lastrow:yes;\r\n  height:169.65pt\">\r\n\t\t\t<td style=\"width:490.6pt;border:solid windowtext 1.0pt;\r\n  mso-border-alt:solid windowtext .5pt;padding:0cm 5.4pt 0cm 5.4pt;height:169.65pt\" valign=\"top\" width=\"654\"><span style=\"font-family:arial,sans-serif; font-size:11.5pt; line-height:150%\">O Munic&iacute;pio de Carmo do Rio Claro\/MG torna p&uacute;blico o edital de Credenciamento n&ordm; 016\/2024 para o <\/span><span style=\"font-family:arial,sans-serif; font-size:12.0pt; line-height:150%; mso-bidi-font-weight:bold\">&ldquo;Credenciamento de Pessoas F&iacute;sicas ou Jur&iacute;dicas para a Presta&ccedil;&atilde;o de Servi&ccedil;o de Locu&ccedil;&atilde;o de Eventos do Munic&iacute;pio<\/span><span style=\"font-family:arial,sans-serif; font-size:11.5pt; line-height:150%\">&rdquo;.<\/span><span style=\"font-family:arial,sans-serif; font-size:12.0pt; line-height:150%\"> <\/span><span style=\"font-family:arial,sans-serif; font-size:11.5pt; line-height:150%; mso-fareast-language:AR-SA\">O edital est&aacute; &agrave; disposi&ccedil;&atilde;o na sede do Munic&iacute;pio: Rua Delfim Moreira, n&ordm; 62, Centro, Departamento de Licita&ccedil;&otilde;es e Contratos, em dias &uacute;teis, de 08h. &agrave;s 11h. e de 12h30min. &agrave;s 17h. e no site www.carmodorioclaro.mg.gov.br e Portal Nacional de Contrata&ccedil;&otilde;es P&uacute;blicas a partir desta data. <\/span><span style=\"font-family:arial,sans-serif; font-size:11.5pt; line-height:150%\">A apresenta&ccedil;&atilde;o dos documentos para credenciamento e proposta de ades&atilde;o poder&aacute; ser feita na no Departamento de Licita&ccedil;&otilde;es e Contratos <strong>a qualquer tempo<\/strong>, &agrave; partir de <strong>06\/11\/2024<\/strong>, at&eacute; o dia<strong> 06\/11\/2025.<span style=\"mso-bidi-font-weight:bold\"> <\/span><\/strong><\/span><\/td>\r\n\t\t<\/tr>\r\n\t<\/tbody>\r\n<\/table>\r\n"},{"titulo":"Credenciamento 012\/2024","dataAtualizacao":"2026-03-04 09:17:14","dataPostagem":"2025-08-15 17:00:00","dataRealizacao":"2024-08-14 16:55:00","numeroEdital":0,"numeroProcesso":226,"modalidade":"Credenciamento","situacao":"Conclu\u00eddo","descricao":"<br \/>\r\n<strong><span style=\"font-family:univers 45 light; mso-bidi-font-family:Arial\">AVISO DE EDITAL DE CREDENCIAMENTO<\/span><\/strong><strong><span style=\"font-family:arial,sans-serif; font-size:7.0pt; line-height:150%; mso-bidi-font-size:11.0pt\"><\/span><\/strong>\r\n\r\n<table border=\"1\" cellpadding=\"0\" cellspacing=\"0\" style=\"width:453.35pt;border-collapse:collapse;border:none;mso-border-alt:\r\n solid windowtext .5pt;mso-yfti-tbllook:1184;mso-padding-alt:0cm 5.4pt 0cm 5.4pt\" width=\"604\">\r\n\t<tbody>\r\n\t\t<tr style=\"mso-yfti-irow:0;mso-yfti-firstrow:yes;mso-yfti-lastrow:yes;\r\n  height:169.65pt\">\r\n\t\t\t<td style=\"width:453.35pt;border:solid windowtext 1.0pt;\r\n  mso-border-alt:solid windowtext .5pt;padding:0cm 5.4pt 0cm 5.4pt;height:169.65pt\" valign=\"top\" width=\"604\"><strong><span style=\"font-family:arial,sans-serif; font-size:11.5pt; line-height:150%\">&nbsp;<\/span><\/strong><br \/>\r\n\t\t\t<strong><span style=\"font-family:arial,sans-serif\">CREDENCIAMENTO 012\/2024 &ndash; PROCESSO 226\/2024 &ndash; INEXIGIBILIDADE 047\/2024<\/span><\/strong><br \/>\r\n\t\t\t<strong><span style=\"font-family:arial,sans-serif; font-size:11.5pt; line-height:150%\">&nbsp;<\/span><\/strong><br \/>\r\n\t\t\t<span style=\"font-family:arial,sans-serif; font-size:11.5pt; line-height:150%\">O Munic&iacute;pio de Carmo do Rio Claro\/MG torna p&uacute;blico o edital para o <strong>&ldquo;<\/strong>CREDENCIAMENTO DE PESSOAS F&Iacute;SICAS E JUR&Iacute;DICAS PARA A PRESTA&Ccedil;&Atilde;O DE SERVI&Ccedil;OS M&Eacute;DICOS DE CONSULTAS M&Eacute;DICAS NA ESPECIALIDADE PEDIATRIA&rdquo;.<\/span><br \/>\r\n\t\t\t<strong><span style=\"font-family:arial,sans-serif; font-size:11.5pt; line-height:150%; mso-fareast-language:AR-SA\">&nbsp;<\/span><\/strong><br \/>\r\n\t\t\t<span style=\"font-family:arial,sans-serif; font-size:11.5pt; line-height:150%; mso-fareast-language:AR-SA\">O edital est&aacute; &agrave; disposi&ccedil;&atilde;o na sede do Munic&iacute;pio: Rua Delfim Moreira, n&ordm; 62, Centro, Departamento de Licita&ccedil;&otilde;es e Contratos Administrativos, em dias &uacute;teis, de 08h. &agrave;s 11h. e de 12h30min. &agrave;s 17h. e nos sites www.carmodorioclaro.mg.gov.br e Portal Nacional de Contrata&ccedil;&otilde;es P&uacute;blicas a partir desta data.<\/span><br \/>\r\n\t\t\t<span style=\"font-family:arial,sans-serif; font-size:11.5pt; line-height:150%\">&nbsp;<\/span><br \/>\r\n\t\t\t<span style=\"font-family:arial,sans-serif; font-size:11.5pt; line-height:150%\">A entrega dos documentos para credenciamento e proposta de ades&atilde;o ao Departamento de Licita&ccedil;&otilde;es e Contratos poder&aacute; ser feita a qualquer tempo, do dia <strong>15\/08\/2024<\/strong> at&eacute; &agrave;s<strong> 17 horas <\/strong>do dia<strong> 15\/08\/2025<span style=\"mso-bidi-font-weight:bold\"> <\/span><\/strong><\/span><span style=\"font-family:arial,sans-serif; font-size:12.0pt; line-height:150%\"><\/span><\/td>\r\n\t\t<\/tr>\r\n\t<\/tbody>\r\n<\/table>\r\n"},{"titulo":"Credenciamento 010\/2024","dataAtualizacao":"2026-03-04 09:19:21","dataPostagem":"2025-07-10 17:00:00","dataRealizacao":"2024-07-09 16:00:00","numeroEdital":0,"numeroProcesso":193,"modalidade":"Credenciamento","situacao":"Conclu\u00eddo","descricao":"<br \/>\r\n<strong><span style=\"font-family:univers 45 light; mso-bidi-font-family:Arial\">AVISO DE EDITAL DE CREDENCIAMENTO<\/span><\/strong><strong><span style=\"font-family:arial,sans-serif; font-size:7.0pt; line-height:150%; mso-bidi-font-size:11.0pt\"><\/span><\/strong>\r\n\r\n<table border=\"1\" cellpadding=\"0\" cellspacing=\"0\" style=\"width:453.35pt;border-collapse:collapse;border:none;mso-border-alt:\r\n solid windowtext .5pt;mso-yfti-tbllook:1184;mso-padding-alt:0cm 5.4pt 0cm 5.4pt\" width=\"604\">\r\n\t<tbody>\r\n\t\t<tr style=\"mso-yfti-irow:0;mso-yfti-firstrow:yes;mso-yfti-lastrow:yes;\r\n  height:169.65pt\">\r\n\t\t\t<td style=\"width:453.35pt;border:solid windowtext 1.0pt;\r\n  mso-border-alt:solid windowtext .5pt;padding:0cm 5.4pt 0cm 5.4pt;height:169.65pt\" valign=\"top\" width=\"604\"><strong><span style=\"font-family:arial,sans-serif; font-size:11.5pt; line-height:150%\">&nbsp;<\/span><\/strong><br \/>\r\n\t\t\t<strong><span style=\"font-family:arial,sans-serif\">CREDENCIAMENTO 010\/2024 &ndash; PROCESSO 193\/2024 &ndash; INEXIGIBILIDADE 041\/2024<\/span><\/strong><br \/>\r\n\t\t\t<strong><span style=\"font-family:arial,sans-serif; font-size:11.5pt; line-height:150%\">&nbsp;<\/span><\/strong><br \/>\r\n\t\t\t<span style=\"font-family:arial,sans-serif; font-size:11.5pt; line-height:150%\">O Munic&iacute;pio de Carmo do Rio Claro\/MG torna p&uacute;blico o edital para o <strong>&ldquo;<\/strong>CREDENCIAMENTO DE EMPRESAS ESPECIALIZADAS PARA A PRESTA&Ccedil;&Atilde;O DE SERVI&Ccedil;OS DE INSTALA&Ccedil;&Atilde;O E MANUTEN&Ccedil;&Atilde;O DE ARES-CONDICIONADOS&rdquo;.<\/span><br \/>\r\n\t\t\t<strong><span style=\"font-family:arial,sans-serif; font-size:11.5pt; line-height:150%; mso-fareast-language:AR-SA\">&nbsp;<\/span><\/strong><br \/>\r\n\t\t\t<span style=\"font-family:arial,sans-serif; font-size:11.5pt; line-height:150%; mso-fareast-language:AR-SA\">O edital est&aacute; &agrave; disposi&ccedil;&atilde;o na sede do Munic&iacute;pio: Rua Delfim Moreira, n&ordm; 62, Centro, Departamento de Licita&ccedil;&otilde;es e Contratos Administrativos, em dias &uacute;teis, de 08h. &agrave;s 11h. e de 12h30min. &agrave;s 17h. e nos sites www.carmodorioclaro.mg.gov.br e Portal Nacional de Contrata&ccedil;&otilde;es P&uacute;blicas a partir desta data.<\/span><br \/>\r\n\t\t\t<span style=\"font-family:arial,sans-serif; font-size:11.5pt; line-height:150%\">&nbsp;<\/span><br \/>\r\n\t\t\t<span style=\"font-family:arial,sans-serif; font-size:11.5pt; line-height:150%\">A entrega dos documentos para credenciamento e proposta de ades&atilde;o ao Departamento de Licita&ccedil;&otilde;es e Contratos poder&aacute; ser feita a qualquer tempo, do dia <strong>10\/07\/2024<\/strong> at&eacute; &agrave;s<strong> 17 horas <\/strong>do dia<strong> 10\/07\/2025<span style=\"mso-bidi-font-weight:bold\"> <\/span><\/strong><\/span><span style=\"font-family:arial,sans-serif; font-size:12.0pt; line-height:150%\"><\/span><\/td>\r\n\t\t<\/tr>\r\n\t<\/tbody>\r\n<\/table>\r\n"},{"titulo":"Credenciamento 009\/2024","dataAtualizacao":"2026-03-04 09:21:24","dataPostagem":"2025-07-02 17:00:00","dataRealizacao":"2024-07-01 16:00:00","numeroEdital":0,"numeroProcesso":186,"modalidade":"Credenciamento","situacao":"Aberto","descricao":"<br \/>\r\n<strong><span style=\"font-family:univers 45 light; mso-bidi-font-family:Arial\">AVISO DE EDITAL DE CREDENCIAMENTO<\/span><\/strong><strong><span style=\"font-family:arial,sans-serif; font-size:7.0pt; line-height:150%; mso-bidi-font-size:11.0pt\"><\/span><\/strong>\r\n\r\n<table border=\"1\" cellpadding=\"0\" cellspacing=\"0\" style=\"width:453.35pt;border-collapse:collapse;border:none;mso-border-alt:\r\n solid windowtext .5pt;mso-yfti-tbllook:1184;mso-padding-alt:0cm 5.4pt 0cm 5.4pt\" width=\"604\">\r\n\t<tbody>\r\n\t\t<tr style=\"mso-yfti-irow:0;mso-yfti-firstrow:yes;mso-yfti-lastrow:yes;\r\n  height:169.65pt\">\r\n\t\t\t<td style=\"width:453.35pt;border:solid windowtext 1.0pt;\r\n  mso-border-alt:solid windowtext .5pt;padding:0cm 5.4pt 0cm 5.4pt;height:169.65pt\" valign=\"top\" width=\"604\"><strong><span style=\"font-family:arial,sans-serif; font-size:11.5pt; line-height:150%\">&nbsp;<\/span><\/strong><br \/>\r\n\t\t\t<strong><span style=\"font-family:arial,sans-serif\">CREDENCIAMENTO 009\/2024 &ndash; PROCESSO 186\/2024 &ndash; INEXIGIBILIDADE 040\/2024<\/span><\/strong><br \/>\r\n\t\t\t<strong><span style=\"font-family:arial,sans-serif; font-size:11.5pt; line-height:150%\">&nbsp;<\/span><\/strong><br \/>\r\n\t\t\t<span style=\"font-family:arial,sans-serif; font-size:11.5pt; line-height:150%\">O Munic&iacute;pio de Carmo do Rio Claro\/MG torna p&uacute;blico o edital para o <strong>&ldquo;<\/strong>Credenciamento de Pessoas F&iacute;sicas e Jur&iacute;dicas para a Presta&ccedil;&atilde;o de Servi&ccedil;os de Taxi Intermunicipal&rdquo;.<\/span><br \/>\r\n\t\t\t<strong><span style=\"font-family:arial,sans-serif; font-size:11.5pt; line-height:150%; mso-fareast-language:AR-SA\">&nbsp;<\/span><\/strong><br \/>\r\n\t\t\t<span style=\"font-family:arial,sans-serif; font-size:11.5pt; line-height:150%; mso-fareast-language:AR-SA\">O edital est&aacute; &agrave; disposi&ccedil;&atilde;o na sede do Munic&iacute;pio: Rua Delfim Moreira, n&ordm; 62, Centro, Departamento de Licita&ccedil;&otilde;es e Contratos Administrativos, em dias &uacute;teis, de 08h. &agrave;s 11h. e de 12h30min. &agrave;s 17h. e nos sites www.carmodorioclaro.mg.gov.br e Portal Nacional de Contrata&ccedil;&otilde;es P&uacute;blicas a partir desta data.<\/span><br \/>\r\n\t\t\t<span style=\"font-family:arial,sans-serif; font-size:11.5pt; line-height:150%\">&nbsp;<\/span><br \/>\r\n\t\t\t<span style=\"font-family:arial,sans-serif; font-size:11.5pt; line-height:150%\">A entrega dos documentos para credenciamento e proposta de ades&atilde;o ao Departamento de Licita&ccedil;&otilde;es e Contratos poder&aacute; ser feita a qualquer tempo, do dia <strong>02\/07\/2024<\/strong> at&eacute; &agrave;s<strong> 17 horas <\/strong>do dia<strong> 02\/07\/2025<span style=\"mso-bidi-font-weight:bold\"> <\/span><\/strong><\/span><span style=\"font-family:arial,sans-serif; font-size:12.0pt; line-height:150%\"><\/span><\/td>\r\n\t\t<\/tr>\r\n\t<\/tbody>\r\n<\/table>\r\n"},{"titulo":"Preg\u00e3o Eletr\u00f4nico n\u00ba 90047\/2025 - retroescavadeira","dataAtualizacao":"2026-03-16 13:38:10","dataPostagem":"2025-06-10 08:00:00","dataRealizacao":"2025-05-21 08:00:00","numeroEdital":90047,"numeroProcesso":97,"modalidade":"Preg\u00e3o Eletr\u00f4nico","situacao":"Aberto","descricao":"<table border=\"1\" cellpadding=\"0\" cellspacing=\"0\" style=\"width:432.1pt;border-collapse:collapse;border:none;mso-border-alt:solid windowtext .5pt;\r\n mso-yfti-tbllook:1184;mso-padding-alt:0cm 5.4pt 0cm 5.4pt\" width=\"576\">\r\n\t<tbody>\r\n\t\t<tr style=\"mso-yfti-irow:0;mso-yfti-firstrow:yes;mso-yfti-lastrow:yes;\r\n  height:175.75pt\">\r\n\t\t\t<td style=\"width:432.1pt;border:solid windowtext 1.0pt;\r\n  mso-border-alt:solid windowtext .5pt;padding:0cm 5.4pt 0cm 5.4pt;height:175.75pt\" valign=\"top\" width=\"576\"><strong><span style=\"font-family:arial,sans-serif\">RETIFICA&Ccedil;&Atilde;O DO PREG&Atilde;O ELETR&Ocirc;NICO 90047\/2025 &ndash; PROCESSO LICITAT&Oacute;RIO 097\/2025<\/span><\/strong><br \/>\r\n\t\t\t<span style=\"font-family:arial,sans-serif\">O Munic&iacute;pio de Carmo do Rio Claro\/MG torna p&uacute;blico o edital do Preg&atilde;o em ep&iacute;grafe, Tipo Menor Pre&ccedil;o, para &ldquo;AQUISI&Ccedil;&Atilde;O DE 1 RETROESCAVADEIRA NOVA (ZERO HORA), FABRICADA NO ANO VIGENTE, CONFORME CONV&Ecirc;NIO 955961\/24 COM O MINIST&Eacute;RIO DA AGRICULTURA, PECU&Aacute;RIA E ABASTECIMENTO&rdquo;.<\/span><br \/>\r\n\t\t\t<span style=\"font-family:arial,sans-serif\">O Edital est&aacute; dispon&iacute;vel na sede do Munic&iacute;pio, Departamento de Licita&ccedil;&otilde;es e Contratos Administrativos, Rua Delfim Moreira, n&ordm; 62, Centro, em dias &uacute;teis, de 08h &agrave;s 11h e 12h30 &agrave;s 17h., Portal Nacional de Contrata&ccedil;&otilde;es P&uacute;blicas &ndash; PNCP e nos sites <\/span><a href=\"http:\/\/www.carmodorioclaro.mg.gov.br\"><span style=\"font-family:arial,sans-serif\">www.carmodorioclaro.mg.gov.br<\/span><\/a><span style=\"font-family:arial,sans-serif\"> e <\/span><a href=\"http:\/\/www.compras.gov.br\"><span style=\"font-family:arial,sans-serif\">www.compras.gov.br<\/span><\/a><span style=\"font-family:arial,sans-serif\"> <span style=\"mso-bidi-font-weight:bold\">Abertura da Sess&atilde;o dia 10<strong>\/06\/2025<\/strong> &agrave;s <strong>08 horas.<\/strong> Local: <\/span><\/span><a href=\"http:\/\/www.compras.gov.br\"><span style=\"font-family:arial,sans-serif; mso-bidi-font-weight:bold\">www.compras.gov.br<\/span><\/a><span style=\"font-family:arial,sans-serif\">.<\/span><\/td>\r\n\t\t<\/tr>\r\n\t<\/tbody>\r\n<\/table>\r\n"},{"titulo":"Credenciamento 006\/2024","dataAtualizacao":"2026-03-04 09:27:35","dataPostagem":"2025-06-03 17:00:00","dataRealizacao":"2024-05-28 17:00:00","numeroEdital":0,"numeroProcesso":145,"modalidade":"Credenciamento","situacao":"Conclu\u00eddo","descricao":"<br \/>\r\n<strong><span style=\"font-family:univers 45 light; mso-bidi-font-family:Arial\">AVISO DE EDITAL DE CREDENCIAMENTO<\/span><\/strong><strong><span style=\"font-family:arial,sans-serif; font-size:7.0pt; line-height:150%; mso-bidi-font-size:11.0pt\"><\/span><\/strong>\r\n\r\n<table border=\"1\" cellpadding=\"0\" cellspacing=\"0\" style=\"width:453.35pt;border-collapse:collapse;border:none;mso-border-alt:\r\n solid windowtext .5pt;mso-yfti-tbllook:1184;mso-padding-alt:0cm 5.4pt 0cm 5.4pt\" width=\"604\">\r\n\t<tbody>\r\n\t\t<tr style=\"mso-yfti-irow:0;mso-yfti-firstrow:yes;mso-yfti-lastrow:yes;\r\n  height:169.65pt\">\r\n\t\t\t<td style=\"width:453.35pt;border:solid windowtext 1.0pt;\r\n  mso-border-alt:solid windowtext .5pt;padding:0cm 5.4pt 0cm 5.4pt;height:169.65pt\" valign=\"top\" width=\"604\"><strong><span style=\"font-family:arial,sans-serif; font-size:11.5pt; line-height:150%\">&nbsp;<\/span><\/strong><br \/>\r\n\t\t\t<strong><span style=\"font-family:arial,sans-serif\">CREDENCIAMENTO 006\/2024 &ndash; PROCESSO 145\/2024 &ndash; INEXIGIBILIDADE 033\/2024<\/span><\/strong><br \/>\r\n\t\t\t<strong><span style=\"font-family:arial,sans-serif; font-size:11.5pt; line-height:150%\">&nbsp;<\/span><\/strong><br \/>\r\n\t\t\t<span style=\"font-family:arial,sans-serif; font-size:11.5pt; line-height:150%\">O Munic&iacute;pio de Carmo do Rio Claro\/MG torna p&uacute;blico o edital para o <strong>&ldquo;<\/strong>Credenciamento de Pessoas F&iacute;sicas para a Presta&ccedil;&atilde;o de Servi&ccedil;os de Monitoramento de Brinquedos Infl&aacute;veis, Pula-Pula, Tombo Legal e M&aacute;quinas de Algod&atilde;o-Doce e Pipoca&rdquo;.<\/span><br \/>\r\n\t\t\t<strong><span style=\"font-family:arial,sans-serif; font-size:11.5pt; line-height:150%; mso-fareast-language:AR-SA\">&nbsp;<\/span><\/strong><br \/>\r\n\t\t\t<span style=\"font-family:arial,sans-serif; font-size:11.5pt; line-height:150%; mso-fareast-language:AR-SA\">O edital est&aacute; &agrave; disposi&ccedil;&atilde;o na sede do Munic&iacute;pio: Rua Delfim Moreira, n&ordm; 62, Centro, Departamento de Licita&ccedil;&otilde;es e Contratos Administrativos, em dias &uacute;teis, de 08h. &agrave;s 11h. e de 12h30min. &agrave;s 17h. e nos sites www.carmodorioclaro.mg.gov.br e Portal Nacional de Contrata&ccedil;&otilde;es P&uacute;blicas a partir desta data.<\/span><br \/>\r\n\t\t\t<span style=\"font-family:arial,sans-serif; font-size:11.5pt; line-height:150%\">&nbsp;<\/span><br \/>\r\n\t\t\t<span style=\"font-family:arial,sans-serif; font-size:11.5pt; line-height:150%\">A entrega dos documentos para credenciamento e proposta de ades&atilde;o ao Departamento de Licita&ccedil;&otilde;es e Contratos poder&aacute; ser feita a qualquer tempo, do dia <strong>03\/06\/2024<\/strong> at&eacute; &agrave;s<strong> 17 horas <\/strong>do dia<strong> 03\/06\/2025<span style=\"mso-bidi-font-weight:bold\"> <\/span><\/strong><\/span><span style=\"font-family:arial,sans-serif; font-size:12.0pt; line-height:150%\"><\/span><\/td>\r\n\t\t<\/tr>\r\n\t<\/tbody>\r\n<\/table>\r\n"},{"titulo":"Credenciamento 004\/2025","dataAtualizacao":"2026-03-04 09:52:25","dataPostagem":"2025-04-04 12:00:00","dataRealizacao":"2025-04-04 12:00:00","numeroEdital":13,"numeroProcesso":68,"modalidade":"Credenciamento","situacao":"Aberto","descricao":"<table border=\"1\" cellpadding=\"0\" cellspacing=\"0\" style=\"width:432.1pt;border-collapse:collapse;border:none;mso-border-alt:solid windowtext .5pt;\r\n mso-yfti-tbllook:1184;mso-padding-alt:0cm 5.4pt 0cm 5.4pt\" width=\"576\">\r\n\t<tbody>\r\n\t\t<tr style=\"mso-yfti-irow:0;mso-yfti-firstrow:yes;mso-yfti-lastrow:yes;\r\n  height:175.75pt\">\r\n\t\t\t<td style=\"width:432.1pt;border:solid windowtext 1.0pt;\r\n  mso-border-alt:solid windowtext .5pt;padding:0cm 5.4pt 0cm 5.4pt;height:175.75pt\" valign=\"top\" width=\"576\"><strong><span style=\"font-family:arial,sans-serif\">INEXIGIBILIDADE 013\/2025 &ndash; PROCESSO LICITAT&Oacute;RIO 068\/2025<\/span><\/strong><br \/>\r\n\t\t\t<strong><span style=\"font-family:arial,sans-serif\">CREDENCIAMENTO 004\/2025<\/span><\/strong><br \/>\r\n\t\t\t<span style=\"font-family:arial,sans-serif\">O Munic&iacute;pio de Carmo do Rio Claro\/MG torna p&uacute;blico o edital do Credenciamento em ep&iacute;grafe, Tipo Menor Pre&ccedil;o, para &ldquo;Credenciamento de presta&ccedil;&atilde;o de servi&ccedil;o de loca&ccedil;&atilde;o com montagem e t&eacute;cnico operador de sistema de som 4x4, para coral ou banda de pequeno porte de, a serem solicitados conforme a necessidade das Secretarias do Munic&iacute;pio&rdquo;.<\/span><br \/>\r\n\t\t\t<span style=\"font-family:arial,sans-serif\">O Edital est&aacute; dispon&iacute;vel na sede do Munic&iacute;pio, Departamento de Licita&ccedil;&otilde;es e Contratos Administrativos, Rua Delfim Moreira, n&ordm; 62, Centro, em dias &uacute;teis, de 08h &agrave;s 11h e 12h30 &agrave;s 17h., Portal Nacional de Contrata&ccedil;&otilde;es P&uacute;blicas &ndash; PNCP e nos sites <\/span><a href=\"http:\/\/www.carmodorioclaro.mg.gov.br\"><span style=\"font-family:arial,sans-serif\">www.carmodorioclaro.mg.gov.br<\/span><\/a><span style=\"font-family:arial,sans-serif\">.<\/span><\/td>\r\n\t\t<\/tr>\r\n\t<\/tbody>\r\n<\/table>\r\n"},{"titulo":"Credenciamento N\u00ba 020\/2023","dataAtualizacao":"2026-02-03 12:45:36","dataPostagem":"2024-12-13 17:00:00","dataRealizacao":"2023-12-11 15:30:00","numeroEdital":0,"numeroProcesso":329,"modalidade":"Credenciamento","situacao":"Conclu\u00eddo","descricao":"<table border=\"1\" cellpadding=\"0\" cellspacing=\"0\" style=\"width:490.6pt;border-collapse:collapse;border:none;mso-border-alt:solid windowtext .5pt;\r\n mso-yfti-tbllook:1184;mso-padding-alt:0cm 5.4pt 0cm 5.4pt\" width=\"654\">\r\n\t<tbody>\r\n\t\t<tr style=\"mso-yfti-irow:0;mso-yfti-firstrow:yes;mso-yfti-lastrow:yes;\r\n  height:124.45pt\">\r\n\t\t\t<td style=\"width:490.6pt;border:solid windowtext 1.0pt;\r\n  mso-border-alt:solid windowtext .5pt;padding:0cm 5.4pt 0cm 5.4pt;height:124.45pt\" valign=\"top\" width=\"654\"><span style=\"font-family:arial,sans-serif; font-size:11.5pt; line-height:150%\">O Munic&iacute;pio de Carmo do Rio Claro\/MG torna p&uacute;blico a Retifica&ccedil;&atilde;o do Edital do Credenciamento N&ordm; 020<span style=\"mso-bidi-font-weight:bold\">\/2023, <\/span>para &ldquo;Credenciamento de Pessoa F&iacute;sica\/Jur&iacute;dica para presta&ccedil;&atilde;o de servi&ccedil;os de Consultas Especializadas em Neuropediatria<\/span><span style=\"font-family:arial,sans-serif; font-size:12.0pt; line-height:150%\">&rdquo;<\/span><strong><span style=\"font-family:arial,sans-serif; font-size:11.5pt; line-height:150%\">. <\/span><\/strong><span style=\"font-family:arial,sans-serif; font-size:11.5pt; line-height:150%; mso-bidi-font-weight:bold\">O edital est&aacute; &agrave; disposi&ccedil;&atilde;o na sede do Munic&iacute;pio: Rua Delfim Moreira, n&ordm; 62, Centro, Departamento de Licita&ccedil;&otilde;es e Contratos, em dias &uacute;teis, das 13:00 &agrave;s 17:00 horas, e nos sites <\/span><a href=\"http:\/\/www.carmodorioclaro.mg.gov.br\"><span style=\"font-family:arial,sans-serif; font-size:11.5pt; line-height:150%; mso-bidi-font-weight:bold\">www.carmodorioclaro.mg.gov.br<\/span><\/a><span style=\"font-family:arial,sans-serif; font-size:11.5pt; line-height:150%; mso-bidi-font-weight:bold\"> e Portal Nacional de Contrata&ccedil;&otilde;es P&uacute;blicas a partir desta data.<\/span><span style=\"color:black; font-family:arial,sans-serif; font-size:11.5pt; line-height:150%\">&nbsp;A apresenta&ccedil;&atilde;o dos documentos para credenciamento e proposta de ades&atilde;o poder&aacute; ser feita na no Departamento de Licita&ccedil;&otilde;es e Contratos a qualquer tempo, at&eacute; &agrave;s<strong><span style=\"font-family:arial,sans-serif\">&nbsp;17 horas&nbsp;<\/span><\/strong>do dia<strong><span style=\"font-family:arial,sans-serif\">&nbsp;13\/<\/span><\/strong><\/span><strong><span style=\"font-family:arial,sans-serif; font-size:11.5pt; line-height:150%\">12\/2024<span style=\"color:black\">. <\/span><\/span><\/strong><span style=\"font-family:arial,sans-serif; font-size:11.5pt; line-height:150%\"><\/span><\/td>\r\n\t\t<\/tr>\r\n\t<\/tbody>\r\n<\/table>\r\n"},{"titulo":"Chamamento P\u00fablico 005\/2021 - Credenciamento 004\/2021","dataAtualizacao":"2026-02-24 12:44:16","dataPostagem":"2024-09-28 17:00:00","dataRealizacao":"2021-09-27 17:00:00","numeroEdital":0,"numeroProcesso":66,"modalidade":"Credenciamento","situacao":"Conclu\u00eddo","descricao":"<table border=\"1\" cellpadding=\"0\" cellspacing=\"0\" style=\"width:654px;\" width=\"654\">\r\n\t<tbody>\r\n\t\t<tr>\r\n\t\t\t<td style=\"width:654px;height:166px;\">O Munic&iacute;pio de Carmo do Rio Claro\/MG torna p&uacute;blico o Chamamento P&uacute;blico 005\/2021, visando o &ldquo;Chamamento P&uacute;blico Visando o Credenciamento de Institui&ccedil;&otilde;es Financeiras Autorizadas pelo Banco Central do Brasil para Presta&ccedil;&atilde;o de Servi&ccedil;os de Recolhimento de Pagamentos e Cobran&ccedil;as Atrav&eacute;s de Boletos, Guias de Arrecada&ccedil;&atilde;o Municipal e Demais Receitas P&uacute;blicas, em Padr&atilde;o Febraban&rdquo;<strong>. <\/strong>O edital est&aacute; &agrave; disposi&ccedil;&atilde;o, na sede do Munic&iacute;pio: Rua Delfim Moreira, n&ordm; 62, Centro, Departamento de Licita&ccedil;&otilde;es e Contratos, em dias &uacute;teis, de 08h. &agrave;s 11h. e de 12h30min. &agrave;s 17h., e no site <u>www.carmodorioclaro.mg.gov.br<\/u>. Protocolo dos Documentos dos Interessados, a qualquer tempo, durante o prazo de vig&ecirc;ncia do presente credenciamento, a partir de 28\/09\/2021 at&eacute; o dia 28\/09\/2024. Local: Departamento de Licita&ccedil;&otilde;es e Contratos - Rua Delfim Moreira, 62 &ndash; Centro &ndash; Carmo do Rio Claro\/MG<\/td>\r\n\t\t<\/tr>\r\n\t<\/tbody>\r\n<\/table>\r\n"},{"titulo":"Credenciamento n\u00ba 011\/2024","dataAtualizacao":"2026-03-04 09:31:16","dataPostagem":"2024-09-04 08:00:00","dataRealizacao":"2024-09-04 08:00:00","numeroEdital":11,"numeroProcesso":206,"modalidade":"Credenciamento","situacao":"Conclu\u00eddo","descricao":"<table border=\"1\" cellpadding=\"0\" cellspacing=\"0\" style=\"width:453.35pt;border-collapse:collapse;border:none;mso-border-alt:\r\n solid windowtext .5pt;mso-yfti-tbllook:1184;mso-padding-alt:0cm 5.4pt 0cm 5.4pt\" width=\"604\">\r\n\t<tbody>\r\n\t\t<tr style=\"mso-yfti-irow:0;mso-yfti-firstrow:yes;mso-yfti-lastrow:yes;\r\n  height:169.65pt\">\r\n\t\t\t<td style=\"width:453.35pt;border:solid windowtext 1.0pt;\r\n  mso-border-alt:solid windowtext .5pt;padding:0cm 5.4pt 0cm 5.4pt;height:169.65pt\" valign=\"top\" width=\"604\"><strong><span style=\"font-family:arial,sans-serif; font-size:11.5pt; line-height:150%\">&nbsp;<\/span><\/strong><br \/>\r\n\t\t\t<strong><span style=\"font-family:arial,sans-serif\">CREDENCIAMENTO 011\/2024 &ndash; PROCESSO 206\/2024 &ndash; INEXIGIBILIDADE 043\/2024<\/span><\/strong><br \/>\r\n\t\t\t<strong><span style=\"font-family:arial,sans-serif; font-size:11.5pt; line-height:150%\">&nbsp;<\/span><\/strong><br \/>\r\n\t\t\t<span style=\"font-family:arial,sans-serif; font-size:11.5pt; line-height:150%\">O Munic&iacute;pio de Carmo do Rio Claro\/MG torna p&uacute;blico o edital para o <strong>&ldquo;<\/strong><\/span><span style=\"font-family:arial,sans-serif; font-size:12.0pt; line-height:150%; mso-bidi-font-weight:bold\">CREDENCIAMENTO DE EMPRESA ESPECIALIZADA PARA PRESTA&Ccedil;&Atilde;O DE SERVI&Ccedil;OS DE TROCA DE &Oacute;LEO LUBRIFICANTES COM O FORNECIMENTO DE MATERIAIS<\/span><span style=\"font-family:arial,sans-serif; font-size:11.5pt; line-height:150%\">&rdquo;.<\/span><br \/>\r\n\t\t\t<strong><span style=\"font-family:arial,sans-serif; font-size:11.5pt; line-height:150%; mso-fareast-language:AR-SA\">&nbsp;<\/span><\/strong><br \/>\r\n\t\t\t<span style=\"font-family:arial,sans-serif; font-size:11.5pt; line-height:150%; mso-fareast-language:AR-SA\">O edital est&aacute; &agrave; disposi&ccedil;&atilde;o na sede do Munic&iacute;pio: Rua Delfim Moreira, n&ordm; 62, Centro, Departamento de Licita&ccedil;&otilde;es e Contratos Administrativos, em dias &uacute;teis, de 08h. &agrave;s 11h. e de 12h30min. &agrave;s 17h. e nos sites www.carmodorioclaro.mg.gov.br e Portal Nacional de Contrata&ccedil;&otilde;es P&uacute;blicas a partir desta data.<\/span><br \/>\r\n\t\t\t<span style=\"font-family:arial,sans-serif; font-size:11.5pt; line-height:150%\">&nbsp;<\/span><br \/>\r\n\t\t\t<span style=\"font-family:arial,sans-serif; font-size:11.5pt; line-height:150%\">A entrega dos documentos para credenciamento e proposta de ades&atilde;o ao Departamento de Licita&ccedil;&otilde;es e Contratos poder&aacute; ser feita a qualquer tempo, do dia <strong>04\/09\/2024<\/strong> at&eacute; &agrave;s<strong> 17 horas <\/strong>do dia<strong> 04\/09\/2025<span style=\"mso-bidi-font-weight:bold\"> <\/span><\/strong><\/span><span style=\"font-family:arial,sans-serif; font-size:12.0pt; line-height:150%\"><\/span><\/td>\r\n\t\t<\/tr>\r\n\t<\/tbody>\r\n<\/table>\r\n"},{"titulo":"Credenciamento 007\/2023","dataAtualizacao":"2026-03-03 16:31:10","dataPostagem":"2024-05-26 17:00:00","dataRealizacao":"2023-05-25 17:00:00","numeroEdital":0,"numeroProcesso":72,"modalidade":"Credenciamento","situacao":"Conclu\u00eddo","descricao":"<table border=\"1\" cellpadding=\"0\" cellspacing=\"0\" style=\"width:490.6pt;border-collapse:collapse;border:none;mso-border-alt:solid windowtext .5pt;\r\n mso-yfti-tbllook:1184;mso-padding-alt:0cm 5.4pt 0cm 5.4pt\" width=\"654\">\r\n\t<tbody>\r\n\t\t<tr style=\"mso-yfti-irow:0;mso-yfti-firstrow:yes;mso-yfti-lastrow:yes;\r\n  height:169.65pt\">\r\n\t\t\t<td style=\"width:490.6pt;border:solid windowtext 1.0pt;\r\n  mso-border-alt:solid windowtext .5pt;padding:0cm 5.4pt 0cm 5.4pt;height:169.65pt\" valign=\"top\" width=\"654\"><span style=\"font-family:arial,sans-serif; font-size:11.5pt; line-height:150%\">O Munic&iacute;pio de Carmo do Rio Claro\/MG torna p&uacute;blica a retifica&ccedil;&atilde;o do edital de Credenciamento n&ordm; 007\/2023 para o &ldquo;<\/span><span style=\"font-family:arial,sans-serif; font-size:12.0pt; line-height:150%\">Credenciamento para a Contrata&ccedil;&atilde;o, sem Car&aacute;ter de Exclusividade, de Portais de Not&iacute;cias, com Grade Composta por Pautas de Not&iacute;cias Espec&iacute;ficas da Cidade de Carmo do Rio Claro\/MG e na Regi&atilde;o Sul\/Sudoeste de MG&rdquo;. <\/span><span style=\"font-family:arial,sans-serif; font-size:11.5pt; line-height:150%; mso-fareast-language:AR-SA\">O edital est&aacute; &agrave; disposi&ccedil;&atilde;o na sede do Munic&iacute;pio: Rua Delfim Moreira, n&ordm; 62, Centro, Departamento de Licita&ccedil;&otilde;es e Contratos, em dias &uacute;teis, de 08h. &agrave;s 11h. e de 12h30min. &agrave;s 17h. e no site www.carmodorioclaro.mg.gov.br a partir desta data. <\/span><span style=\"font-family:arial,sans-serif; font-size:11.5pt; line-height:150%\">A apresenta&ccedil;&atilde;o dos documentos para credenciamento e proposta de ades&atilde;o poder&aacute; ser feita na no Departamento de Licita&ccedil;&otilde;es e Contratos a qualquer tempo, at&eacute; &agrave;s<strong> 17 horas <\/strong>do dia<strong> 26\/05\/2024<span style=\"mso-bidi-font-weight:bold\">. <\/span><\/strong><\/span><\/td>\r\n\t\t<\/tr>\r\n\t<\/tbody>\r\n<\/table>\r\n"},{"titulo":"Concorr\u00eancia Eletr\u00f4nica 90005\/2024","dataAtualizacao":"2026-03-04 14:54:00","dataPostagem":"2024-05-03 09:00:00","dataRealizacao":"2024-04-17 16:34:00","numeroEdital":0,"numeroProcesso":67,"modalidade":"Concorr\u00eancia Eletr\u00f4nica","situacao":"Retificado","descricao":"<table border=\"1\" cellpadding=\"0\" cellspacing=\"0\" style=\"width:490.6pt;border-collapse:collapse;border:none;mso-border-alt:solid windowtext .5pt;\r\n mso-yfti-tbllook:1184;mso-padding-alt:0cm 5.4pt 0cm 5.4pt\" width=\"654\">\r\n\t<tbody>\r\n\t\t<tr style=\"mso-yfti-irow:0;mso-yfti-firstrow:yes;mso-yfti-lastrow:yes;\r\n  height:124.45pt\">\r\n\t\t\t<td style=\"width:490.6pt;border:solid windowtext 1.0pt;\r\n  mso-border-alt:solid windowtext .5pt;padding:0cm 5.4pt 0cm 5.4pt;height:124.45pt\" valign=\"top\" width=\"654\"><span style=\"font-family:arial,sans-serif; font-size:11.5pt; line-height:150%\">O Munic&iacute;pio de Carmo do Rio Claro\/MG torna p&uacute;blica a retifica&ccedil;&atilde;o do edital da Concorr&ecirc;ncia 90005\/2024<span style=\"mso-bidi-font-weight:bold\">, Crit&eacute;rio de Julgamento Menor Pre&ccedil;o<\/span>, para &ldquo;Contrata&ccedil;&atilde;o de Empresa Especializada para Presta&ccedil;&atilde;o de Servi&ccedil;o com Fornecimento de Material para Constru&ccedil;&atilde;o de Unidade B&aacute;sica de Sa&uacute;de no Bairro Jardim Am&eacute;rica<\/span><span style=\"font-family:arial,sans-serif; font-size:12.0pt; line-height:150%\">&rdquo;<\/span><strong><span style=\"font-family:arial,sans-serif; font-size:11.5pt; line-height:150%\">. <\/span><\/strong><span style=\"font-family:arial,sans-serif; mso-bidi-font-weight:bold\">O edital est&aacute; &agrave; disposi&ccedil;&atilde;o na sede do Munic&iacute;pio: Rua Delfim Moreira, n&ordm; 62, Centro, Departamento de Licita&ccedil;&otilde;es e Contratos, em dias &uacute;teis, de 08h. &agrave;s 11h. e de 12h30min. &agrave;s 17h., no Portal Nacional de Contrata&ccedil;&otilde;es P&uacute;blicas e nos sites <u>www.carmodorioclaro.mg.gov.br<\/u> e <\/span><a href=\"http:\/\/www.compras.gov.br\"><span style=\"font-family:arial,sans-serif; mso-bidi-font-weight:bold\">www.compras.gov.br<\/span><\/a><span style=\"font-family:arial,sans-serif; mso-bidi-font-weight:bold\"> Abertura da Sess&atilde;o dia 03\/05\/2024, &agrave;s 09 horas. Local: <\/span><a href=\"http:\/\/www.compras.gov.br\"><span style=\"font-family:arial,sans-serif; mso-bidi-font-weight:bold\">www.compras.gov.br<\/span><\/a><span style=\"font-family:arial,sans-serif; font-size:12.0pt; line-height:150%\"><\/span><\/td>\r\n\t\t<\/tr>\r\n\t<\/tbody>\r\n<\/table>\r\n"},{"titulo":"Credenciamento 002\/2023","dataAtualizacao":"2026-03-03 16:33:55","dataPostagem":"2024-02-01 17:00:00","dataRealizacao":"2023-01-31 08:00:00","numeroEdital":0,"numeroProcesso":16,"modalidade":"Credenciamento","situacao":"Conclu\u00eddo","descricao":"<table border=\"1\" cellpadding=\"0\" cellspacing=\"0\" style=\"width:490.6pt;border-collapse:collapse;border:none;mso-border-alt:solid windowtext .5pt;\r\n mso-yfti-tbllook:1184;mso-padding-alt:0cm 5.4pt 0cm 5.4pt\" width=\"654\">\r\n\t<tbody>\r\n\t\t<tr style=\"mso-yfti-irow:0;mso-yfti-firstrow:yes;mso-yfti-lastrow:yes;\r\n  height:169.65pt\">\r\n\t\t\t<td style=\"width:490.6pt;border:solid windowtext 1.0pt;\r\n  mso-border-alt:solid windowtext .5pt;padding:0cm 5.4pt 0cm 5.4pt;height:169.65pt\" valign=\"top\" width=\"654\"><span style=\"font-family:arial,sans-serif; font-size:11.5pt; line-height:150%\">O Munic&iacute;pio de Carmo do Rio Claro\/MG torna p&uacute;blico o edital de Credenciamento n&ordm; 002\/2023 para o &ldquo;<\/span><span style=\"font-family:arial,sans-serif; font-size:12.0pt; line-height:150%\">Credenciamento de Pessoas F&iacute;sicas ou Jur&iacute;dicas para Presta&ccedil;&atilde;o de Servi&ccedil;os de Propaganda Volante para Divulga&ccedil;&atilde;o de Campanhas Publicit&aacute;rias do Munic&iacute;pio&rdquo;. <\/span><span style=\"font-family:arial,sans-serif; font-size:11.5pt; line-height:150%; mso-fareast-language:AR-SA\">O edital est&aacute; &agrave; disposi&ccedil;&atilde;o na sede do Munic&iacute;pio: Rua Delfim Moreira, n&ordm; 62, Centro, Departamento de Licita&ccedil;&otilde;es e Contratos, em dias &uacute;teis, de 08h. &agrave;s 11h. e de 12h30min. &agrave;s 17h. e no site www.carmodorioclaro.mg.gov.br a partir desta data. <\/span><span style=\"font-family:arial,sans-serif; font-size:11.5pt; line-height:150%\">A apresenta&ccedil;&atilde;o dos documentos para credenciamento e proposta de ades&atilde;o poder&aacute; ser feita na no Departamento de Licita&ccedil;&otilde;es e Contratos a qualquer tempo, at&eacute; &agrave;s<strong> 17 horas <\/strong>do dia<strong> 01\/02\/2024<span style=\"mso-bidi-font-weight:bold\">. <\/span><\/strong><\/span><\/td>\r\n\t\t<\/tr>\r\n\t<\/tbody>\r\n<\/table>\r\n"},{"titulo":"Credenciamento 001\/2023","dataAtualizacao":"2026-03-03 16:44:25","dataPostagem":"2024-01-26 17:00:00","dataRealizacao":"2023-01-25 08:00:00","numeroEdital":0,"numeroProcesso":15,"modalidade":"Credenciamento","situacao":"Aberto","descricao":"<table border=\"1\" cellpadding=\"0\" cellspacing=\"0\" style=\"width:490.6pt;border-collapse:collapse;border:none;mso-border-alt:solid windowtext .5pt;\r\n mso-yfti-tbllook:1184;mso-padding-alt:0cm 5.4pt 0cm 5.4pt\" width=\"654\">\r\n\t<tbody>\r\n\t\t<tr style=\"mso-yfti-irow:0;mso-yfti-firstrow:yes;mso-yfti-lastrow:yes;\r\n  height:169.65pt\">\r\n\t\t\t<td style=\"width:490.6pt;border:solid windowtext 1.0pt;\r\n  mso-border-alt:solid windowtext .5pt;padding:0cm 5.4pt 0cm 5.4pt;height:169.65pt\" valign=\"top\" width=\"654\"><span style=\"font-family:arial,sans-serif; font-size:11.5pt; line-height:150%\">O Munic&iacute;pio de Carmo do Rio Claro\/MG torna p&uacute;blico o edital de Credenciamento n&ordm; 001\/2023 para o &ldquo;<\/span><span style=\"font-family:arial,sans-serif; font-size:12.0pt; line-height:150%\">Credenciamento de Emissoras de R&aacute;dio para Presta&ccedil;&atilde;o de Servi&ccedil;os de Veicula&ccedil;&atilde;o de Pe&ccedil;as Institucionais do Munic&iacute;pio&rdquo;. <\/span><span style=\"font-family:arial,sans-serif; font-size:11.5pt; line-height:150%; mso-fareast-language:AR-SA\">O edital est&aacute; &agrave; disposi&ccedil;&atilde;o na sede do Munic&iacute;pio: Rua Delfim Moreira, n&ordm; 62, Centro, Departamento de Licita&ccedil;&otilde;es e Contratos, em dias &uacute;teis, de 08h. &agrave;s 11h. e de 12h30min. &agrave;s 17h. e no site www.carmodorioclaro.mg.gov.br a partir desta data. <\/span><span style=\"font-family:arial,sans-serif; font-size:11.5pt; line-height:150%\">A apresenta&ccedil;&atilde;o dos documentos para credenciamento e proposta de ades&atilde;o poder&aacute; ser feita na no Departamento de Licita&ccedil;&otilde;es e Contratos a qualquer tempo, at&eacute; &agrave;s<strong> 17 horas <\/strong>do dia<strong> 26\/01\/2024<span style=\"mso-bidi-font-weight:bold\">. <\/span><\/strong><\/span><\/td>\r\n\t\t<\/tr>\r\n\t<\/tbody>\r\n<\/table>\r\n"},{"titulo":"Credenciamento 003\/2023","dataAtualizacao":"2026-03-03 16:46:51","dataPostagem":"2024-01-20 17:00:00","dataRealizacao":"2023-01-19 15:00:00","numeroEdital":0,"numeroProcesso":17,"modalidade":"Credenciamento","situacao":"Conclu\u00eddo","descricao":"<table border=\"1\" cellpadding=\"0\" cellspacing=\"0\" style=\"width:490.6pt;border-collapse:collapse;border:none;mso-border-alt:solid windowtext .5pt;\r\n mso-yfti-tbllook:1184;mso-padding-alt:0cm 5.4pt 0cm 5.4pt\" width=\"654\">\r\n\t<tbody>\r\n\t\t<tr style=\"mso-yfti-irow:0;mso-yfti-firstrow:yes;mso-yfti-lastrow:yes;\r\n  height:169.65pt\">\r\n\t\t\t<td style=\"width:490.6pt;border:solid windowtext 1.0pt;\r\n  mso-border-alt:solid windowtext .5pt;padding:0cm 5.4pt 0cm 5.4pt;height:169.65pt\" valign=\"top\" width=\"654\"><span style=\"font-family:arial,sans-serif; font-size:11.5pt; line-height:150%\">O Munic&iacute;pio de Carmo do Rio Claro\/MG torna p&uacute;blico o edital de Credenciamento n&ordm; 003\/2023 para o &ldquo;<\/span><span style=\"font-family:arial,sans-serif; font-size:12.0pt; line-height:150%\">Credenciamento de Empresas para Presta&ccedil;&atilde;o de Servi&ccedil;os de Sonoriza&ccedil;&atilde;o de Eventos com Fornecimento dos Equipamentos e Pessoal T&eacute;cnico&rdquo;. <\/span><span style=\"font-family:arial,sans-serif; font-size:11.5pt; line-height:150%; mso-fareast-language:AR-SA\">O edital est&aacute; &agrave; disposi&ccedil;&atilde;o na sede do Munic&iacute;pio: Rua Delfim Moreira, n&ordm; 62, Centro, Departamento de Licita&ccedil;&otilde;es e Contratos, em dias &uacute;teis, de 08h. &agrave;s 11h. e de 12h30min. &agrave;s 17h. e no site www.carmodorioclaro.mg.gov.br a partir desta data. <\/span><span style=\"font-family:arial,sans-serif; font-size:11.5pt; line-height:150%\">A apresenta&ccedil;&atilde;o dos documentos para credenciamento e proposta de ades&atilde;o poder&aacute; ser feita na no Departamento de Licita&ccedil;&otilde;es e Contratos a qualquer tempo, at&eacute; &agrave;s<strong> 17 horas <\/strong>do dia<strong> 20\/01\/2024<span style=\"mso-bidi-font-weight:bold\">. <\/span><\/strong><\/span><\/td>\r\n\t\t<\/tr>\r\n\t<\/tbody>\r\n<\/table>\r\n"},{"titulo":"Credenciamento 008\/2023","dataAtualizacao":"2026-02-24 13:10:09","dataPostagem":"2023-12-31 17:00:00","dataRealizacao":"2023-03-24 08:00:00","numeroEdital":0,"numeroProcesso":86,"modalidade":"Credenciamento","situacao":"Conclu\u00eddo","descricao":"<table border=\"1\" cellpadding=\"0\" cellspacing=\"0\" style=\"width:490.6pt;border-collapse:collapse;border:none;mso-border-alt:solid windowtext .5pt;\r\n mso-yfti-tbllook:1184;mso-padding-alt:0cm 5.4pt 0cm 5.4pt\" width=\"654\">\r\n\t<tbody>\r\n\t\t<tr style=\"mso-yfti-irow:0;mso-yfti-firstrow:yes;mso-yfti-lastrow:yes;\r\n  height:169.65pt\">\r\n\t\t\t<td style=\"width:490.6pt;border:solid windowtext 1.0pt;\r\n  mso-border-alt:solid windowtext .5pt;padding:0cm 5.4pt 0cm 5.4pt;height:169.65pt\" valign=\"top\" width=\"654\"><span style=\"font-family:arial,sans-serif; font-size:11.5pt; line-height:150%\">O Munic&iacute;pio de Carmo do Rio Claro\/MG torna p&uacute;blico o edital de Credenciamento n&ordm; 008\/2023 para o &ldquo;<\/span><span style=\"font-family:arial,sans-serif; font-size:12.0pt; line-height:150%\">Credenciamento de Empresas Especializadas para Presta&ccedil;&atilde;o de Servi&ccedil;o de Instala&ccedil;&atilde;o e Manuten&ccedil;&atilde;o de Ar-Condicionado, pelo Per&iacute;odo de 12 (doze) Meses, Conforme a Demanda Desta a das Demais Secretarias que Comp&otilde;em a Prefeitura Municipal de Carmo do Rio Claro&rdquo;. <\/span><span style=\"font-family:arial,sans-serif; font-size:11.5pt; line-height:150%; mso-fareast-language:AR-SA\">O edital est&aacute; &agrave; disposi&ccedil;&atilde;o na sede do Munic&iacute;pio: Rua Delfim Moreira, n&ordm; 62, Centro, Departamento de Licita&ccedil;&otilde;es e Contratos, em dias &uacute;teis, de 08h. &agrave;s 11h. e de 12h30min. &agrave;s 17h. e no site www.carmodorioclaro.mg.gov.br a partir desta data. <\/span><span style=\"font-family:arial,sans-serif; font-size:11.5pt; line-height:150%\">A apresenta&ccedil;&atilde;o dos documentos para credenciamento e proposta de ades&atilde;o poder&aacute; ser feita na no Departamento de Licita&ccedil;&otilde;es e Contratos a qualquer tempo, at&eacute; &agrave;s<strong> 17 horas <\/strong>do dia<strong> 31\/12\/2023<span style=\"mso-bidi-font-weight:bold\">. <\/span><\/strong><\/span><\/td>\r\n\t\t<\/tr>\r\n\t<\/tbody>\r\n<\/table>\r\n"},{"titulo":"Credenciamento 002\/2022","dataAtualizacao":"2026-02-24 12:47:37","dataPostagem":"2023-12-20 17:00:00","dataRealizacao":"2022-12-09 08:00:00","numeroEdital":0,"numeroProcesso":2,"modalidade":"Credenciamento","situacao":"Conclu\u00eddo","descricao":"<table border=\"1\" cellpadding=\"0\" cellspacing=\"0\" style=\"width:490.6pt;border-collapse:collapse;border:none;mso-border-alt:solid windowtext .5pt;\r\n mso-yfti-tbllook:1184;mso-padding-alt:0cm 5.4pt 0cm 5.4pt\" width=\"654\">\r\n\t<tbody>\r\n\t\t<tr style=\"mso-yfti-irow:0;mso-yfti-firstrow:yes;mso-yfti-lastrow:yes;\r\n  height:169.65pt\">\r\n\t\t\t<td style=\"width:490.6pt;border:solid windowtext 1.0pt;\r\n  mso-border-alt:solid windowtext .5pt;padding:0cm 5.4pt 0cm 5.4pt;height:169.65pt\" valign=\"top\" width=\"654\"><span style=\"font-family:arial,sans-serif; font-size:11.5pt; line-height:150%\">O Munic&iacute;pio de Carmo do Rio Claro\/MG torna p&uacute;blica a segunda retifica&ccedil;&atilde;o do edital de Credenciamento n&ordm; 002\/2022 para o &ldquo;<\/span><span style=\"font-family:arial,sans-serif; font-size:12.0pt; line-height:150%\">Credenciamento de Artistas para Apresenta&ccedil;&otilde;es, Conforme Calend&aacute;rio Anual de Eventos do Munic&iacute;pio&rsquo;&rdquo;. <\/span><span style=\"font-family:arial,sans-serif; font-size:11.5pt; line-height:150%; mso-fareast-language:AR-SA\">O edital est&aacute; &agrave; disposi&ccedil;&atilde;o na sede do Munic&iacute;pio: Rua Delfim Moreira, n&ordm; 62, Centro, Departamento de Licita&ccedil;&otilde;es e Contratos, em dias &uacute;teis, de 08h. &agrave;s 11h. e de 12h30min. &agrave;s 17h. e no site www.carmodorioclaro.mg.gov.br a partir desta data. <\/span><span style=\"font-family:arial,sans-serif; font-size:11.5pt; line-height:150%\">A entrega do envelope com os documentos para credenciamento e proposta de ades&atilde;o dever&aacute; ser feita na no Departamento de Licita&ccedil;&otilde;es e Contratos a qualquer tempo, at&eacute; &agrave;s<strong> 17 horas <\/strong>do dia<strong> 20\/12\/2023<span style=\"mso-bidi-font-weight:bold\">. <\/span><\/strong><\/span><span style=\"font-family:arial,sans-serif; font-size:12.0pt; line-height:150%\"><\/span><\/td>\r\n\t\t<\/tr>\r\n\t<\/tbody>\r\n<\/table>\r\n"},{"titulo":"Credenciamento 003\/2022","dataAtualizacao":"2026-02-24 12:53:10","dataPostagem":"2023-10-20 17:00:00","dataRealizacao":"2022-10-19 17:00:00","numeroEdital":0,"numeroProcesso":113,"modalidade":"Credenciamento","situacao":"Conclu\u00eddo","descricao":"<table border=\"1\" cellpadding=\"0\" cellspacing=\"0\" style=\"width:490.6pt;border-collapse:collapse;border:none;mso-border-alt:solid windowtext .5pt;\r\n mso-yfti-tbllook:1184;mso-padding-alt:0cm 5.4pt 0cm 5.4pt\" width=\"654\">\r\n\t<tbody>\r\n\t\t<tr style=\"mso-yfti-irow:0;mso-yfti-firstrow:yes;mso-yfti-lastrow:yes;\r\n  height:169.65pt\">\r\n\t\t\t<td style=\"width:490.6pt;border:solid windowtext 1.0pt;\r\n  mso-border-alt:solid windowtext .5pt;padding:0cm 5.4pt 0cm 5.4pt;height:169.65pt\" valign=\"top\" width=\"654\"><span style=\"font-family:arial,sans-serif; font-size:11.5pt; line-height:150%\">O Munic&iacute;pio de Carmo do Rio Claro\/MG torna p&uacute;blico o Credenciamento n&ordm; 003\/2022 para o &ldquo;<\/span><span style=\"font-family:arial,sans-serif; font-size:12.0pt; line-height:150%\">Credenciamento de Empresa Especializada para a Presta&ccedil;&atilde;o de Servi&ccedil;os de Telemedicina em Ambulat&oacute;rio de Especialidades com Vistas &agrave; Otimiza&ccedil;&atilde;o de Processos Via Metodologia Lean&rdquo;. <\/span><span style=\"font-family:arial,sans-serif; font-size:11.5pt; line-height:150%; mso-fareast-language:AR-SA\">O edital est&aacute; &agrave; disposi&ccedil;&atilde;o na sede do Munic&iacute;pio: Rua Delfim Moreira, n&ordm; 62, Centro, Departamento de Licita&ccedil;&otilde;es e Contratos, em dias &uacute;teis, de 08h. &agrave;s 11h. e de 12h30min. &agrave;s 17h. e no site www.carmodorioclaro.mg.gov.br a partir desta data. <\/span><span style=\"font-family:arial,sans-serif; font-size:11.5pt; line-height:150%\">A entrega do envelope com os documentos para credenciamento e proposta de ades&atilde;o dever&aacute; ser feita na no Departamento de Licita&ccedil;&otilde;es e Contratos a qualquer tempo, at&eacute; &agrave;s<strong> 17 horas <\/strong>do dia<strong> 20\/10\/2023<span style=\"mso-bidi-font-weight:bold\">. <\/span><\/strong><\/span><span style=\"font-family:arial,sans-serif; font-size:12.0pt; line-height:150%\"><\/span><\/td>\r\n\t\t<\/tr>\r\n\t<\/tbody>\r\n<\/table>\r\n"},{"titulo":"Credenciamento 009\/2022","dataAtualizacao":"2026-02-24 12:51:02","dataPostagem":"2023-10-20 17:00:00","dataRealizacao":"2022-10-19 17:00:00","numeroEdital":0,"numeroProcesso":157,"modalidade":"Credenciamento","situacao":"Conclu\u00eddo","descricao":"<table border=\"1\" cellpadding=\"0\" cellspacing=\"0\" style=\"width:490.6pt;border-collapse:collapse;border:none;mso-border-alt:solid windowtext .5pt;\r\n mso-yfti-tbllook:1184;mso-padding-alt:0cm 5.4pt 0cm 5.4pt\" width=\"654\">\r\n\t<tbody>\r\n\t\t<tr style=\"mso-yfti-irow:0;mso-yfti-firstrow:yes;mso-yfti-lastrow:yes;\r\n  height:169.65pt\">\r\n\t\t\t<td style=\"width:490.6pt;border:solid windowtext 1.0pt;\r\n  mso-border-alt:solid windowtext .5pt;padding:0cm 5.4pt 0cm 5.4pt;height:169.65pt\" valign=\"top\" width=\"654\"><span style=\"font-family:arial,sans-serif; font-size:11.5pt; line-height:150%\">O Munic&iacute;pio de Carmo do Rio Claro\/MG torna p&uacute;blico o Credenciamento n&ordm; 009\/2022 para o &ldquo;<\/span><span style=\"font-family:arial,sans-serif; font-size:12.0pt; line-height:150%\">Credenciamento de Empresas Especializadas para Presta&ccedil;&atilde;o de Servi&ccedil;os M&eacute;dicos em Anestesiologia 24 Horas para Atendimento no Hospital S&atilde;o Vicente de Paula, na Modalidade Sobreaviso&rdquo;. <\/span><span style=\"font-family:arial,sans-serif; font-size:11.5pt; line-height:150%; mso-fareast-language:AR-SA\">O edital est&aacute; &agrave; disposi&ccedil;&atilde;o na sede do Munic&iacute;pio: Rua Delfim Moreira, n&ordm; 62, Centro, Departamento de Licita&ccedil;&otilde;es e Contratos, em dias &uacute;teis, de 08h. &agrave;s 11h. e de 12h30min. &agrave;s 17h. e no site www.carmodorioclaro.mg.gov.br a partir desta data. <\/span><span style=\"font-family:arial,sans-serif; font-size:11.5pt; line-height:150%\">A entrega do envelope com os documentos para credenciamento e proposta de ades&atilde;o dever&aacute; ser feita na no Departamento de Licita&ccedil;&otilde;es e Contratos a qualquer tempo, at&eacute; &agrave;s<strong> 17 horas <\/strong>do dia<strong> 20\/10\/2023<span style=\"mso-bidi-font-weight:bold\">. <\/span><\/strong><\/span><span style=\"font-family:arial,sans-serif; font-size:12.0pt; line-height:150%\"><\/span><\/td>\r\n\t\t<\/tr>\r\n\t<\/tbody>\r\n<\/table>\r\n"},{"titulo":"Credenciamento 007\/2022","dataAtualizacao":"2026-02-24 12:55:49","dataPostagem":"2023-09-06 17:00:00","dataRealizacao":"2022-09-06 10:10:00","numeroEdital":0,"numeroProcesso":127,"modalidade":"Credenciamento","situacao":"Conclu\u00eddo","descricao":"<table border=\"1\" cellpadding=\"0\" cellspacing=\"0\" style=\"width:490.6pt;border-collapse:collapse;border:none;mso-border-alt:solid windowtext .5pt;\r\n mso-yfti-tbllook:1184;mso-padding-alt:0cm 5.4pt 0cm 5.4pt\" width=\"654\">\r\n\t<tbody>\r\n\t\t<tr style=\"mso-yfti-irow:0;mso-yfti-firstrow:yes;mso-yfti-lastrow:yes;\r\n  height:169.65pt\">\r\n\t\t\t<td style=\"width:490.6pt;border:solid windowtext 1.0pt;\r\n  mso-border-alt:solid windowtext .5pt;padding:0cm 5.4pt 0cm 5.4pt;height:169.65pt\" valign=\"top\" width=\"654\"><span style=\"font-family:arial,sans-serif; font-size:11.5pt; line-height:150%\">O Munic&iacute;pio de Carmo do Rio Claro\/MG torna p&uacute;blico o Credenciamento n&ordm; 007\/2022 para o &ldquo;<\/span><span style=\"font-family:arial,sans-serif; font-size:12.0pt; line-height:150%\">Credenciamento de Monitores para Brinquedos Infl&aacute;veis, Cama El&aacute;stica, Tombo-Legal, M&aacute;quina de Pipoca e M&aacute;quina de Algod&atilde;o Doce&rdquo;. <\/span><span style=\"font-family:arial,sans-serif; font-size:11.5pt; line-height:150%; mso-fareast-language:AR-SA\">O edital est&aacute; &agrave; disposi&ccedil;&atilde;o na sede do Munic&iacute;pio: Rua Delfim Moreira, n&ordm; 62, Centro, Departamento de Licita&ccedil;&otilde;es e Contratos, em dias &uacute;teis, de 08h. &agrave;s 11h. e de 12h30min. &agrave;s 17h. e no site www.carmodorioclaro.mg.gov.br a partir desta data. <\/span><span style=\"font-family:arial,sans-serif; font-size:11.5pt; line-height:150%\">A entrega do envelope com os documentos para credenciamento e proposta de ades&atilde;o dever&aacute; ser feita na no Departamento de Licita&ccedil;&otilde;es e Contratos a qualquer tempo, at&eacute; &agrave;s<strong> 17 horas <\/strong>do dia<strong> 06\/09\/2023<span style=\"mso-bidi-font-weight:bold\">. <\/span><\/strong><\/span><span style=\"font-family:arial,sans-serif; font-size:12.0pt; line-height:150%\"><\/span><\/td>\r\n\t\t<\/tr>\r\n\t<\/tbody>\r\n<\/table>\r\n"},{"titulo":"Credenciamento 012\/2023","dataAtualizacao":"2026-02-24 13:18:02","dataPostagem":"2023-08-23 17:00:00","dataRealizacao":"2023-07-21 17:57:00","numeroEdital":0,"numeroProcesso":173,"modalidade":"Credenciamento","situacao":"Conclu\u00eddo","descricao":"<table border=\"1\" cellpadding=\"0\" cellspacing=\"0\" style=\"width:490.6pt;border-collapse:collapse;border:none;mso-border-alt:solid windowtext .5pt;\r\n mso-yfti-tbllook:1184;mso-padding-alt:0cm 5.4pt 0cm 5.4pt\" width=\"654\">\r\n\t<tbody>\r\n\t\t<tr style=\"mso-yfti-irow:0;mso-yfti-firstrow:yes;mso-yfti-lastrow:yes;\r\n  height:169.65pt\">\r\n\t\t\t<td style=\"width:490.6pt;border:solid windowtext 1.0pt;\r\n  mso-border-alt:solid windowtext .5pt;padding:0cm 5.4pt 0cm 5.4pt;height:169.65pt\" valign=\"top\" width=\"654\"><span style=\"font-family:arial,sans-serif; font-size:11.5pt; line-height:150%\">O Munic&iacute;pio de Carmo do Rio Claro\/MG torna p&uacute;blico o edital de Credenciamento n&ordm; 012\/2023 para o &ldquo;<\/span><span style=\"font-family:arial,sans-serif; font-size:12.0pt; line-height:150%\">Credenciamento de Empresas para o Fornecimento de Kits de Alimenta&ccedil;&atilde;o para Atendimento do Programa de Refor&ccedil;o &agrave; Nutri&ccedil;&atilde;o Alimentar dos Alunos da Rede P&uacute;blica Municipal de Ensino&rdquo;. <\/span><span style=\"font-family:arial,sans-serif; font-size:11.5pt; line-height:150%; mso-fareast-language:AR-SA\">O edital est&aacute; &agrave; disposi&ccedil;&atilde;o na sede do Munic&iacute;pio: Rua Delfim Moreira, n&ordm; 62, Centro, Departamento de Licita&ccedil;&otilde;es e Contratos, em dias &uacute;teis, de 08h. &agrave;s 11h. e de 12h30min. &agrave;s 17h. e no site www.carmodorioclaro.mg.gov.br e Portal Nacional de Contrata&ccedil;&otilde;es P&uacute;blicas a partir desta data. <\/span><span style=\"font-family:arial,sans-serif; font-size:11.5pt; line-height:150%\">A apresenta&ccedil;&atilde;o dos documentos para credenciamento e proposta de ades&atilde;o poder&aacute; ser feita na no Departamento de Licita&ccedil;&otilde;es e Contratos <strong>a qualquer tempo<\/strong>, &agrave; partir de <strong>24\/07\/2023<\/strong>, at&eacute; &agrave;s<strong> 17 horas <\/strong>do dia<strong> 23\/08\/2023.<span style=\"mso-bidi-font-weight:bold\"> <\/span><\/strong><\/span><\/td>\r\n\t\t<\/tr>\r\n\t<\/tbody>\r\n<\/table>\r\n"},{"titulo":"Credenciamento 005\/2022","dataAtualizacao":"2026-02-24 13:01:57","dataPostagem":"2023-08-17 17:00:00","dataRealizacao":"2022-08-16 08:00:00","numeroEdital":0,"numeroProcesso":116,"modalidade":"Credenciamento","situacao":"Conclu\u00eddo","descricao":"<table border=\"1\" cellpadding=\"0\" cellspacing=\"0\" style=\"width:490.6pt;border-collapse:collapse;border:none;mso-border-alt:solid windowtext .5pt;\r\n mso-yfti-tbllook:1184;mso-padding-alt:0cm 5.4pt 0cm 5.4pt\" width=\"654\">\r\n\t<tbody>\r\n\t\t<tr style=\"mso-yfti-irow:0;mso-yfti-firstrow:yes;mso-yfti-lastrow:yes;\r\n  height:169.65pt\">\r\n\t\t\t<td style=\"width:490.6pt;border:solid windowtext 1.0pt;\r\n  mso-border-alt:solid windowtext .5pt;padding:0cm 5.4pt 0cm 5.4pt;height:169.65pt\" valign=\"top\" width=\"654\"><span style=\"font-family:arial,sans-serif; font-size:11.5pt; line-height:150%\">O Munic&iacute;pio de Carmo do Rio Claro\/MG torna p&uacute;blico o Credenciamento n&ordm; 005\/2022 para o &ldquo;<\/span><span style=\"font-family:arial,sans-serif; font-size:12.0pt; line-height:150%\">Credenciamento de Facilitadores e Orientadores de Oficina de Dan&ccedil;as e Atividades F&iacute;sicas&rdquo;. <\/span><span style=\"font-family:arial,sans-serif; font-size:11.5pt; line-height:150%; mso-fareast-language:AR-SA\">O edital est&aacute; &agrave; disposi&ccedil;&atilde;o na sede do Munic&iacute;pio: Rua Delfim Moreira, n&ordm; 62, Centro, Departamento de Licita&ccedil;&otilde;es e Contratos, em dias &uacute;teis, de 08h. &agrave;s 11h. e de 12h30min. &agrave;s 17h. e no site www.carmodorioclaro.mg.gov.br a partir desta data. <\/span><span style=\"font-family:arial,sans-serif; font-size:11.5pt; line-height:150%\">A entrega do envelope com os documentos para credenciamento e proposta de ades&atilde;o dever&aacute; ser feita na no Departamento de Licita&ccedil;&otilde;es e Contratos a qualquer tempo, at&eacute; &agrave;s<strong> 17 horas <\/strong>do dia<strong> 17\/08\/2023<span style=\"mso-bidi-font-weight:bold\">. <\/span><\/strong><\/span><span style=\"font-family:arial,sans-serif; font-size:12.0pt; line-height:150%\"><\/span><\/td>\r\n\t\t<\/tr>\r\n\t<\/tbody>\r\n<\/table>\r\n"},{"titulo":"Credenciamento 006\/2022","dataAtualizacao":"2026-02-24 12:57:48","dataPostagem":"2023-08-17 17:00:00","dataRealizacao":"2022-08-16 08:00:00","numeroEdital":0,"numeroProcesso":117,"modalidade":"Credenciamento","situacao":"Conclu\u00eddo","descricao":"<table border=\"1\" cellpadding=\"0\" cellspacing=\"0\" style=\"width:490.6pt;border-collapse:collapse;border:none;mso-border-alt:solid windowtext .5pt;\r\n mso-yfti-tbllook:1184;mso-padding-alt:0cm 5.4pt 0cm 5.4pt\" width=\"654\">\r\n\t<tbody>\r\n\t\t<tr style=\"mso-yfti-irow:0;mso-yfti-firstrow:yes;mso-yfti-lastrow:yes;\r\n  height:169.65pt\">\r\n\t\t\t<td style=\"width:490.6pt;border:solid windowtext 1.0pt;\r\n  mso-border-alt:solid windowtext .5pt;padding:0cm 5.4pt 0cm 5.4pt;height:169.65pt\" valign=\"top\" width=\"654\"><span style=\"font-family:arial,sans-serif; font-size:11.5pt; line-height:150%\">O Munic&iacute;pio de Carmo do Rio Claro\/MG torna p&uacute;blico o Credenciamento n&ordm; 006\/2022 para o &ldquo;<\/span><span style=\"font-family:arial,sans-serif; font-size:12.0pt; line-height:150%\">Credenciamento de Facilitadores e Orientadores de M&uacute;sica e Viol&atilde;o&rdquo;. <\/span><span style=\"font-family:arial,sans-serif; font-size:11.5pt; line-height:150%; mso-fareast-language:AR-SA\">O edital est&aacute; &agrave; disposi&ccedil;&atilde;o na sede do Munic&iacute;pio: Rua Delfim Moreira, n&ordm; 62, Centro, Departamento de Licita&ccedil;&otilde;es e Contratos, em dias &uacute;teis, de 08h. &agrave;s 11h. e de 12h30min. &agrave;s 17h. e no site www.carmodorioclaro.mg.gov.br a partir desta data. <\/span><span style=\"font-family:arial,sans-serif; font-size:11.5pt; line-height:150%\">A entrega do envelope com os documentos para credenciamento e proposta de ades&atilde;o dever&aacute; ser feita na no Departamento de Licita&ccedil;&otilde;es e Contratos a qualquer tempo, at&eacute; &agrave;s<strong> 17 horas <\/strong>do dia<strong> 17\/08\/2023<span style=\"mso-bidi-font-weight:bold\">. <\/span><\/strong><\/span><span style=\"font-family:arial,sans-serif; font-size:12.0pt; line-height:150%\"><\/span><\/td>\r\n\t\t<\/tr>\r\n\t<\/tbody>\r\n<\/table>\r\n"},{"titulo":"Credenciamento 004\/2022","dataAtualizacao":"2026-02-24 13:08:05","dataPostagem":"2023-08-15 17:00:00","dataRealizacao":"2022-08-12 08:00:00","numeroEdital":0,"numeroProcesso":115,"modalidade":"Credenciamento","situacao":"Conclu\u00eddo","descricao":"<table border=\"1\" cellpadding=\"0\" cellspacing=\"0\" style=\"width:490.6pt;border-collapse:collapse;border:none;mso-border-alt:solid windowtext .5pt;\r\n mso-yfti-tbllook:1184;mso-padding-alt:0cm 5.4pt 0cm 5.4pt\" width=\"654\">\r\n\t<tbody>\r\n\t\t<tr style=\"mso-yfti-irow:0;mso-yfti-firstrow:yes;mso-yfti-lastrow:yes;\r\n  height:169.65pt\">\r\n\t\t\t<td style=\"width:490.6pt;border:solid windowtext 1.0pt;\r\n  mso-border-alt:solid windowtext .5pt;padding:0cm 5.4pt 0cm 5.4pt;height:169.65pt\" valign=\"top\" width=\"654\"><span style=\"font-family:arial,sans-serif; font-size:11.5pt; line-height:150%\">O Munic&iacute;pio de Carmo do Rio Claro\/MG torna p&uacute;blico o Credenciamento n&ordm; 004\/2022 para o &ldquo;<\/span><span style=\"font-family:arial,sans-serif; font-size:12.0pt; line-height:150%\">Credenciamento de Empresas Especializadas para Presta&ccedil;&atilde;o de Servi&ccedil;os M&eacute;dicos de Atendimento a Consultas Pedi&aacute;tricas da Popula&ccedil;&atilde;o Local&rdquo;. <\/span><span style=\"font-family:arial,sans-serif; font-size:11.5pt; line-height:150%; mso-fareast-language:AR-SA\">O edital est&aacute; &agrave; disposi&ccedil;&atilde;o na sede do Munic&iacute;pio: Rua Delfim Moreira, n&ordm; 62, Centro, Departamento de Licita&ccedil;&otilde;es e Contratos, em dias &uacute;teis, de 08h. &agrave;s 11h. e de 12h30min. &agrave;s 17h. e no site www.carmodorioclaro.mg.gov.br a partir desta data. <\/span><span style=\"font-family:arial,sans-serif; font-size:11.5pt; line-height:150%\">A entrega do envelope com os documentos para credenciamento e proposta de ades&atilde;o dever&aacute; ser feita na no Departamento de Licita&ccedil;&otilde;es e Contratos a qualquer tempo, at&eacute; &agrave;s<strong> 17 horas <\/strong>do dia<strong> 15\/08\/2023<span style=\"mso-bidi-font-weight:bold\">. <\/span><\/strong><\/span><span style=\"font-family:arial,sans-serif; font-size:12.0pt; line-height:150%\"><\/span><\/td>\r\n\t\t<\/tr>\r\n\t<\/tbody>\r\n<\/table>\r\n"},{"titulo":"Credenciamento 005\/2023","dataAtualizacao":"2026-02-24 13:21:24","dataPostagem":"2023-02-10 09:15:00","dataRealizacao":"2023-02-07 17:00:00","numeroEdital":0,"numeroProcesso":47,"modalidade":"Credenciamento","situacao":"Conclu\u00eddo","descricao":"<table border=\"1\" cellpadding=\"0\" cellspacing=\"0\" style=\"width:490.6pt;border-collapse:collapse;border:none;mso-border-alt:solid windowtext .5pt;\r\n mso-yfti-tbllook:1184;mso-padding-alt:0cm 5.4pt 0cm 5.4pt\" width=\"654\">\r\n\t<tbody>\r\n\t\t<tr style=\"mso-yfti-irow:0;mso-yfti-firstrow:yes;mso-yfti-lastrow:yes;\r\n  height:169.65pt\">\r\n\t\t\t<td style=\"width:490.6pt;border:solid windowtext 1.0pt;\r\n  mso-border-alt:solid windowtext .5pt;padding:0cm 5.4pt 0cm 5.4pt;height:169.65pt\" valign=\"top\" width=\"654\"><span style=\"font-family:arial,sans-serif; font-size:11.5pt; line-height:150%\">O Munic&iacute;pio de Carmo do Rio Claro\/MG torna p&uacute;blico o edital de Credenciamento n&ordm; 005\/2023 para o &ldquo;<\/span><span style=\"font-family:arial,sans-serif; font-size:12.0pt; line-height:150%\">Credenciamento de Pessoas F&iacute;sicas ou Jur&iacute;dicas para Permiss&atilde;o de Uso de Espa&ccedil;os P&uacute;blicos, a T&iacute;tulo Oneroso, para Explora&ccedil;&atilde;o Comercial de &Aacute;reas destinadas &agrave; Instala&ccedil;&atilde;o de &lsquo;Camarote&rsquo; e Barracas para Comercializa&ccedil;&atilde;o de Produtos, Alimentos e Bebidas em Geral, no Espa&ccedil;o Destinado ao Evento de Carnaval 2023&rdquo;. <\/span><span style=\"font-family:arial,sans-serif; font-size:11.5pt; line-height:150%; mso-fareast-language:AR-SA\">O edital est&aacute; &agrave; disposi&ccedil;&atilde;o na sede do Munic&iacute;pio: Rua Delfim Moreira, n&ordm; 62, Centro, Departamento de Licita&ccedil;&otilde;es e Contratos, em dias &uacute;teis, de 08h. &agrave;s 11h. e de 12h30min. &agrave;s 17h. e no site www.carmodorioclaro.mg.gov.br a partir desta data. <\/span><span style=\"font-family:arial,sans-serif; font-size:11.5pt; line-height:150%\">A apresenta&ccedil;&atilde;o dos documentos para credenciamento e proposta de ades&atilde;o poder&aacute; ser feita na no Departamento de Licita&ccedil;&otilde;es e Contratos at&eacute; &agrave;s<strong> 09 horas <\/strong>do dia<strong> 10\/02\/2023. Abertura da Sess&atilde;o, dia 10\/02\/2023, &agrave;s 09h15min.<span style=\"mso-bidi-font-weight:bold\"> <\/span><\/strong><\/span><\/td>\r\n\t\t<\/tr>\r\n\t<\/tbody>\r\n<\/table>\r\n"},{"titulo":"Credenciamento 005\/2020","dataAtualizacao":"2026-02-24 09:06:39","dataPostagem":"2021-09-23 17:00:00","dataRealizacao":"2020-09-23 08:00:00","numeroEdital":6,"numeroProcesso":157,"modalidade":"Credenciamento","situacao":"Conclu\u00eddo","descricao":"CREDENCIAMENTO DE EMPRESAS DE MEDICINA VETERIN&Aacute;RIA PARA PRESTA&Ccedil;&Atilde;O DE SERVI&Ccedil;OS DE CASTRA&Ccedil;&Atilde;O CIR&Uacute;RGICA (ORQUIECTOMIA) EM C&Atilde;ES ACOLHIDOS PELA ASSOCIA&Ccedil;&Atilde;O S&Atilde;O FRANCISCO."},{"titulo":"CREDENCIAMENTO N\u00b0 004\/2020","dataAtualizacao":"2026-02-24 10:52:14","dataPostagem":"2021-09-09 17:00:00","dataRealizacao":"2020-09-09 08:00:00","numeroEdital":5,"numeroProcesso":145,"modalidade":"Credenciamento","situacao":"Conclu\u00eddo","descricao":"CREDENCIAMENTO DE LABORAT&Oacute;RIOS PARA REALIZA&Ccedil;&Atilde;O DE EXAMES PARA DETEC&Ccedil;&Atilde;O DE INFEC&Ccedil;&Atilde;O POR COVID-19."},{"titulo":"CREDENCIAMENTO N\u00b0 001\/2020","dataAtualizacao":"2026-02-24 10:53:46","dataPostagem":"2021-01-30 17:00:00","dataRealizacao":"2020-01-30 08:00:00","numeroEdital":1,"numeroProcesso":20,"modalidade":"Credenciamento","situacao":"Conclu\u00eddo","descricao":"CREDENCIAMENTO DE EMPRESAS ESPECIALIZADAS PARA PRESTA&Ccedil;&Atilde;O DE SERVI&Ccedil;OS M&Eacute;DICOS DE URG&Ecirc;NCIA E EMERG&Ecirc;NCIA NO PRONTO ATENDIMENTO MUNICIPAL, EM REGIME DE PLANT&Atilde;O &Agrave; DIST&Acirc;NCIA (SOBREAVISO)<strong>&rdquo;. <\/strong>"},{"titulo":"CREDENCIAMENTO N\u00b0 002\/2020","dataAtualizacao":"2026-02-24 10:56:51","dataPostagem":"2020-12-31 17:00:00","dataRealizacao":"2020-01-30 08:00:00","numeroEdital":2,"numeroProcesso":21,"modalidade":"Credenciamento","situacao":"Conclu\u00eddo","descricao":"CREDENCIAMENTO DE ARTISTAS PARA APRESENTA&Ccedil;&Otilde;ES MUSICAIS, CONFORME CALEND&Aacute;RIO DE EVENTOS DO MUNIC&Iacute;PIO"},{"titulo":"CREDENCIAMENTO N\u00b0 010\/2019","dataAtualizacao":"2026-02-23 16:37:27","dataPostagem":"2020-12-20 17:00:00","dataRealizacao":"2019-12-20 08:00:00","numeroEdital":10,"numeroProcesso":186,"modalidade":"Credenciamento","situacao":"Conclu\u00eddo","descricao":"CREDENCIAMENTO DE ARTISTAS PARA APRESENTA&Ccedil;&Otilde;ES MUSICAIS, CONFORME CALEND&Aacute;RIO DE EVENTOS DO MUNIC&Iacute;PIO."},{"titulo":"CREDENCIAMENTO N\u00b0 009\/2019","dataAtualizacao":"2026-02-23 16:39:31","dataPostagem":"2020-11-08 17:00:00","dataRealizacao":"2019-11-08 08:00:00","numeroEdital":6,"numeroProcesso":155,"modalidade":"Credenciamento","situacao":"Conclu\u00eddo","descricao":"CREDENCIAMENTO DE EMPRESAS ESPECIALIZADAS PARA PRESTA&Ccedil;&Atilde;O DE SERVI&Ccedil;OS DE ASSIST&Ecirc;NCIA &Agrave; SA&Uacute;DE, NA REALIZA&Ccedil;&Atilde;O DE EXAMES DE ULTRASSONOGRAFIA EM APARELHO DO MUNIC&Iacute;PIO."},{"titulo":"CREDENCIAMENTO N\u00b0 008\/2019","dataAtualizacao":"2026-02-24 08:39:54","dataPostagem":"2020-09-20 17:00:00","dataRealizacao":"2019-09-20 08:00:00","numeroEdital":5,"numeroProcesso":112,"modalidade":"Credenciamento","situacao":"Conclu\u00eddo","descricao":"CREDENCIAMENTO DE EMPRESAS ESPECIALIZADAS PARA PRESTA&Ccedil;&Atilde;O DE SERVI&Ccedil;OS DE FACILITADORES\/ORIENTADORES DE M&Uacute;SICA E VIOL&Atilde;O."},{"titulo":"CREDENCIAMENTO N\u00b0 007\/2019","dataAtualizacao":"2026-02-24 08:47:03","dataPostagem":"2020-05-22 17:00:00","dataRealizacao":"2019-05-22 08:00:00","numeroEdital":4,"numeroProcesso":77,"modalidade":"Credenciamento","situacao":"Conclu\u00eddo","descricao":"CREDENCIAMENTO DE EMPRESAS ESPECIALIZADAS PARA PRESTA&Ccedil;&Atilde;O DE SERVI&Ccedil;OS M&Eacute;DICOS EM REALIZA&Ccedil;&Atilde;O DE EXAMES DE CINTILOGRAFIA, CONFORMA TABELA DO SUS."},{"titulo":"CREDENCIAMENTO N\u00b0 003\/2020","dataAtualizacao":"2026-02-24 12:40:52","dataPostagem":"2020-05-04 17:00:00","dataRealizacao":"2020-04-27 08:00:00","numeroEdital":14,"numeroProcesso":77,"modalidade":"Credenciamento","situacao":"Conclu\u00eddo","descricao":"CREDENCIAMENTO DE COSTUREIROS(AS) PESSOAS F&Iacute;SICAS OU MICROEMPREENDEDORES INDIVIDUAIS, MICROEMPRESAS OU EMPRESAS DE PEQUENO PORTE, PARA AQUISI&Ccedil;&Atilde;O, PELO MUNIC&Iacute;PIO, DE M&Aacute;SCARAS DE TECIDO PARA O AUX&Iacute;LIO NO COMBATE DA DISSEMINA&Ccedil;&Atilde;O DO NOVO CORONAV&Iacute;RUS (COVID-19)<strong>&rdquo;. <\/strong>"},{"titulo":"CREDENCIAMENTO N\u00b0 004\/2019","dataAtualizacao":"2026-02-24 08:52:31","dataPostagem":"2020-03-01 17:00:00","dataRealizacao":"2019-03-01 08:00:00","numeroEdital":1,"numeroProcesso":31,"modalidade":"Credenciamento","situacao":"Conclu\u00eddo","descricao":"CREDENCIAMENTO DE LABORAT&Oacute;RIOS DE AN&Aacute;LISES CLINICAS PARA PRESTA&Ccedil;&Atilde;O DE SERVI&Ccedil;OS DE EXAMES LABORATORIAIS, CONFORME TABELA DO SISTEMA &Uacute;NICO DE SA&Uacute;DE (SUS) E SERVI&Ccedil;O DE PLANT&Atilde;O PARA EXAMES LABORATORIAIS DO PRONTO ANTENDIMENTO MUNICIPAL."},{"titulo":"CHAMAMENTO P\u00daBLICO N\u00ba 02\/2019","dataAtualizacao":"2026-02-24 08:50:03","dataPostagem":"2019-10-15 14:00:00","dataRealizacao":"2019-10-07 00:00:00","numeroEdital":2,"numeroProcesso":2,"modalidade":"Chamamento P\u00fablico","situacao":"Conclu\u00eddo","descricao":""},{"titulo":"CREDENCIAMENTO N\u00b0 008\/2018","dataAtualizacao":"2026-02-23 15:04:51","dataPostagem":"2019-07-12 17:00:00","dataRealizacao":"2018-07-13 08:00:00","numeroEdital":9,"numeroProcesso":80,"modalidade":"Credenciamento","situacao":"Conclu\u00eddo","descricao":"<strong>CREDENCIAMENTO <\/strong>DE EMPRESAS ESPECIALIZADAS PARAPRESTA&Ccedil;&Atilde;O DE SERVI&Ccedil;OS M&Eacute;DICOS DE ATENDIMENTO AO PLANT&Atilde;O DE URG&Ecirc;NCIA E EMERG&Ecirc;NCIA DO PRONTO ATENDIMENTO MUNICIPAL, NAS ESPECIFICA&Ccedil;&Otilde;ES, VALORES E CONDI&Ccedil;&Otilde;ES ESTABELECIDAS NO TERMO DE REFER&Ecirc;NCIA<strong>.<\/strong>"},{"titulo":"CREDENCIAMENTO N\u00b0 013\/2018","dataAtualizacao":"2026-02-23 15:19:07","dataPostagem":"2019-06-20 17:00:00","dataRealizacao":"2018-06-21 08:00:00","numeroEdital":14,"numeroProcesso":117,"modalidade":"Credenciamento","situacao":"Conclu\u00eddo","descricao":"<strong>CREDENCIAMENTO <\/strong>DE EMPRESAS ESPECIALIZADAS PARA PRESTA&Ccedil;&Atilde;O DE SERVI&Ccedil;OS M&Eacute;DICOS DE ATENDIMENTO A <em>CONSULTAS PEDI&Aacute;TRICAS<\/em> DA POPULA&Ccedil;&Atilde;O LOCAL, DE ACORDO COM A DEMANDA DO DEPARTAMENTO DE SA&Uacute;DE, NAS ESPECIFICA&Ccedil;&Otilde;ES, VALORES E CONDI&Ccedil;&Otilde;ES ESTABELECIDAS NO TERMO DE REFER&Ecirc;NCIA, ANEXO I, atrav&eacute;s de requisi&ccedil;&otilde;es\/autoriza&ccedil;&otilde;es emitidas pelo Departamento Municipal de Sa&uacute;de<strong>.<\/strong>"},{"titulo":"CREDENCIAMENTO N\u00b0 010\/2018","dataAtualizacao":"2026-02-23 16:14:19","dataPostagem":"2019-06-03 17:00:00","dataRealizacao":"2018-06-04 08:00:00","numeroEdital":11,"numeroProcesso":81,"modalidade":"Credenciamento","situacao":"Conclu\u00eddo","descricao":"<strong>CREDENCIAMENTO <\/strong>DE EMPRESAS ESPECIALIZADAS PARAPRESTA&Ccedil;&Atilde;O DE SERVI&Ccedil;OS DE VEICULA&Ccedil;&Atilde;O DE V&Iacute;DEOS JORNAL&Iacute;STICOS E INSTITUCIONAIS SOBRE AS ATIVIDADES DO MUNIC&Iacute;PIO DE CARMO DO RIO CLARO, NAS ESPECIFICA&Ccedil;&Otilde;ES, VALORES E CONDI&Ccedil;&Otilde;ES ESTABELECIDAS NO TERMO DE REFER&Ecirc;NCIA<strong>.<\/strong>"},{"titulo":"CREDENCIAMENTO N\u00b0 005\/2018","dataAtualizacao":"2026-02-23 16:11:52","dataPostagem":"2019-05-20 17:00:00","dataRealizacao":"2018-05-21 08:00:00","numeroEdital":6,"numeroProcesso":69,"modalidade":"Credenciamento","situacao":"Conclu\u00eddo","descricao":"<strong>CREDENCIAMENTO <\/strong>DE EMPRESAS ESPECIALIZADAS PARAPRESTA&Ccedil;&Atilde;O DE SERVI&Ccedil;OS PARA FACILITADOR\/ORIENTADOR DE ATVIDADES F&Iacute;SICAS, NAS ESPECIFICA&Ccedil;&Otilde;ES, VALORES E CONDI&Ccedil;&Otilde;ES ESTABELECIDAS NO TERMO DE REFER&Ecirc;NCIA<strong>.<\/strong>"},{"titulo":"CREDENCIAMENTO N\u00b0 007\/2018","dataAtualizacao":"2026-02-23 15:22:51","dataPostagem":"2019-05-20 17:00:00","dataRealizacao":"2018-05-21 08:00:00","numeroEdital":7,"numeroProcesso":70,"modalidade":"Credenciamento","situacao":"Conclu\u00eddo","descricao":"<strong>CREDENCIAMENTO <\/strong>DE PESSOAS F&Iacute;SICAS OU JUR&Iacute;DICAS PARAPRESTA&Ccedil;&Atilde;O DE SERVI&Ccedil;OS PARA FACILITADOR\/ORIENTADOR DE ARTES MARCIAIS, NAS ESPECIFICA&Ccedil;&Otilde;ES, VALORES E CONDI&Ccedil;&Otilde;ES ESTABELECIDAS NO TERMO DE REFER&Ecirc;NCIA<strong>.<\/strong>"},{"titulo":"CREDENCIAMENTO N\u00b0 009\/2018","dataAtualizacao":"2026-02-23 14:54:54","dataPostagem":"2019-05-08 17:00:00","dataRealizacao":"2018-05-09 08:00:00","numeroEdital":10,"numeroProcesso":81,"modalidade":"Credenciamento","situacao":"Conclu\u00eddo","descricao":"<strong>CREDENCIAMENTO <\/strong>DE EMPRESAS ESPECIALIZADAS PARAPRESTA&Ccedil;&Atilde;O DE SERVI&Ccedil;OS M&Eacute;DICOS DE ATENDIMENTO AO PLANT&Atilde;O OBST&Eacute;TRICO 24 HORAS, NAS ESPECIFICA&Ccedil;&Otilde;ES, VALORES E CONDI&Ccedil;&Otilde;ES ESTABELECIDAS NO TERMO DE REFER&Ecirc;NCIA<strong>.<\/strong>"},{"titulo":"CREDENCIAMENTO N\u00b0 004\/2018","dataAtualizacao":"2026-02-23 16:16:16","dataPostagem":"2019-04-24 17:00:00","dataRealizacao":"2018-04-25 08:00:00","numeroEdital":5,"numeroProcesso":68,"modalidade":"Credenciamento","situacao":"Conclu\u00eddo","descricao":"<strong>CREDENCIAMENTO <\/strong>DE EMPRESAS ESPECIALIZADAS PARAPRESTA&Ccedil;&Atilde;O DE SERVI&Ccedil;OS M&Eacute;DICOS DE ATENDIMENTO A CONSULTAS GINECOL&Oacute;GICAS E OBST&Eacute;TRICAS DA POPULA&Ccedil;&Atilde;O LOCAL, AL&Eacute;M DE EXAMES E PROCEDIMENTOS COMPAT&Iacute;VEIS &Agrave;S ESPECIALIDADES, DE ACORDO COM A DEMANDA DO DEPARTAMENTO DE SA&Uacute;DE, NAS ESPECIFICA&Ccedil;&Otilde;ES, VALORES E CONDI&Ccedil;&Otilde;ES ESTABELECIDAS NO TERMO DE REFER&Ecirc;NCIA, ANEXO I, atrav&eacute;s de requisi&ccedil;&otilde;es\/autoriza&ccedil;&otilde;es emitidas pelo Departamento Municipal de Sa&uacute;de<strong>.<\/strong>"},{"titulo":"CREDENCIAMENTO N\u00b0 003\/2018","dataAtualizacao":"2026-02-23 16:18:28","dataPostagem":"2019-04-03 17:00:00","dataRealizacao":"2018-04-03 00:00:00","numeroEdital":4,"numeroProcesso":57,"modalidade":"Credenciamento","situacao":"Aberto","descricao":"<strong>CREDENCIAMENTO <\/strong>DE EMPRESAS ESPECIALIZADAS PARA PRESTA&Ccedil;&Atilde;O DE SERVI&Ccedil;OS M&Eacute;DICOS DE ATENDIMENTO A <em>CONSULTAS GINECOL&Oacute;GICAS<\/em> DA POPULA&Ccedil;&Atilde;O LOCAL, DE ACORDO COM A DEMANDA DO DEPARTAMENTO DE SA&Uacute;DE, NAS ESPECIFICA&Ccedil;&Otilde;ES, VALORES E CONDI&Ccedil;&Otilde;ES ESTABELECIDAS NO TERMO DE REFER&Ecirc;NCIA, ANEXO I, atrav&eacute;s de requisi&ccedil;&otilde;es\/autoriza&ccedil;&otilde;es emitidas pelo Departamento Municipal de Sa&uacute;de<strong>.<\/strong>"},{"titulo":"CREDENCIAMENTO N\u00b0 005\/2019","dataAtualizacao":"2026-02-24 08:55:27","dataPostagem":"2019-03-01 14:00:00","dataRealizacao":"2019-02-28 13:00:00","numeroEdital":5,"numeroProcesso":32,"modalidade":"Credenciamento","situacao":"Conclu\u00eddo","descricao":"CREDENCIAMENTO DE ARTISTAS PARA APRESENTA&Ccedil;&Otilde;ES MUSICAIS DURANTE O CARNAVAL 2019."},{"titulo":"CREDENCIAMENTO N\u00ba 002\/2019 - PROCESSO N\u00ba 022\/2019","dataAtualizacao":"2026-02-24 08:58:49","dataPostagem":"2019-02-26 17:00:00","dataRealizacao":"2019-02-20 08:00:00","numeroEdital":0,"numeroProcesso":22,"modalidade":"Credenciamento","situacao":"Conclu\u00eddo","descricao":"CREDENCIAMENTO DE ARTISTAS, BANDAS OU CONJUNTOS PARA APRESENTA&Ccedil;&Otilde;ES MUSICAIS DURANTE O CARNAVAL 2019<br \/>\r\nAVISO DE REVOGA&Ccedil;&Atilde;O DE EDITAL DE CREDENCIAMENTO"},{"titulo":"CREDENCIAMENTO N\u00b0 003\/2019","dataAtualizacao":"2026-02-24 09:02:11","dataPostagem":"2019-02-26 14:00:00","dataRealizacao":"2019-02-20 08:00:00","numeroEdital":3,"numeroProcesso":25,"modalidade":"Credenciamento","situacao":"Conclu\u00eddo","descricao":"CREDENCIAMENTO DE ARTISTAS PARA APRESENTA&Ccedil;&Otilde;ES MUSICAIS DURANTE O CARNAVAL 2019."},{"titulo":"CREDENCIAMENTO N\u00b0 001\/2019","dataAtualizacao":"2026-02-24 09:04:10","dataPostagem":"2019-02-21 15:15:00","dataRealizacao":"2019-02-07 00:00:00","numeroEdital":1,"numeroProcesso":13,"modalidade":"Credenciamento","situacao":"Conclu\u00eddo","descricao":"CREDENCIAMENTO DE LEILOEIROS OFICIAIS DE MINAS GERAIS PARA REALIZA&Ccedil;&Atilde;O DOS LEIL&Otilde;ES DE BENS INSERV&Iacute;VEIS DO MUNIC&Iacute;PIO (ALIENA&Ccedil;&Atilde;O DE BENS INSERV&Iacute;VEIS DE QUALQUER NATUREZA INCORPORADOS AO PATRIM&Ocirc;NIO P&Uacute;BLICO DO MUNIC&Iacute;PIO."},{"titulo":"CREDENCIAMENTO N\u00b0 015\/2018","dataAtualizacao":"2026-02-23 16:20:59","dataPostagem":"2018-11-27 09:15:00","dataRealizacao":"2018-11-09 08:00:00","numeroEdital":17,"numeroProcesso":181,"modalidade":"Credenciamento","situacao":"Conclu\u00eddo","descricao":"DE EMPRESAS ESPECIALIZADAS PARAPRESTA&Ccedil;&Atilde;O DE SERVI&Ccedil;OS M&Eacute;DICOS PARA REALIZA&Ccedil;&Atilde;O DE EXAMES DE CINTILOGRAFIA, NAS ESPECIFICA&Ccedil;&Otilde;ES, VALORES E CONDI&Ccedil;&Otilde;ES ESTABELECIDAS NO TERMO DE REFER&Ecirc;NCIA<strong>.<\/strong>"},{"titulo":"CREDENCIAMENTO N\u00b0 014\/2018","dataAtualizacao":"2026-02-23 16:23:29","dataPostagem":"2018-09-11 09:00:00","dataRealizacao":"2018-08-27 08:00:00","numeroEdital":16,"numeroProcesso":143,"modalidade":"Credenciamento","situacao":"Conclu\u00eddo","descricao":"<strong>CREDENCIAMENTO <\/strong>DE EMPRESAS ESPECIALIZADAS PARAPRESTA&Ccedil;&Atilde;O DE SERVI&Ccedil;OS M&Eacute;DICOS PARA REALIZA&Ccedil;&Atilde;O DE EXAMES DE RESSON&Acirc;NCIA MAGN&Eacute;TICA, NAS ESPECIFICA&Ccedil;&Otilde;ES, VALORES E CONDI&Ccedil;&Otilde;ES ESTABELECIDAS NO TERMO DE REFER&Ecirc;NCIA<strong>.<\/strong>"},{"titulo":"CREDENCIAMENTO N\u00b0 012\/2018","dataAtualizacao":"2026-02-23 16:27:30","dataPostagem":"2018-08-08 17:00:00","dataRealizacao":"2018-07-23 08:00:00","numeroEdital":13,"numeroProcesso":116,"modalidade":"Credenciamento","situacao":"Conclu\u00eddo","descricao":"CREDENCIAMENTO DE EMPRESAS ESPECIALIZADAS PARA PRESTA&Ccedil;&Atilde;O DE SERVI&Ccedil;OS M&Eacute;DICOS DA ESPECIALIDADE DE OFTALMOLOGIA, NAS ESPECIFICA&Ccedil;&Otilde;ES, VALORES E CONDI&Ccedil;&Otilde;ES ESTABELECIDAS NO TERMO DE REFER&Ecirc;NCIA."},{"titulo":"EDITAL - CREDENCIAMENTO N\u00b0 011\/2018","dataAtualizacao":"2026-02-23 16:29:18","dataPostagem":"2018-07-17 17:00:00","dataRealizacao":"2018-06-29 08:00:00","numeroEdital":12,"numeroProcesso":115,"modalidade":"Credenciamento","situacao":"Conclu\u00eddo","descricao":"<strong>CREDENCIAMENTO <\/strong>DE EMPRESAS ESPECIALIZADAS PARAPRESTA&Ccedil;&Atilde;O DE SERVI&Ccedil;OS M&Eacute;DICOS PARA REALIZA&Ccedil;&Atilde;O DE PROCEDIMENTOS CIR&Uacute;RGICOS (PEQUENAS CIRURGIAS), NAS ESPECIFICA&Ccedil;&Otilde;ES, VALORES E CONDI&Ccedil;&Otilde;ES ESTABELECIDAS NO TERMO DE REFER&Ecirc;NCIA<strong>.<\/strong>"}]}